{"id":33032,"date":"2019-05-08T05:10:08","date_gmt":"2019-05-08T09:10:08","guid":{"rendered":"https:\/\/linitiative.ca\/International\/un-mega-ftour-collectif-a-audin-ce-vendredi\/"},"modified":"2019-05-08T05:10:08","modified_gmt":"2019-05-08T09:10:08","slug":"un-mega-ftour-collectif-a-audin-ce-vendredi","status":"publish","type":"post","link":"https:\/\/linitiative.ca\/International\/un-mega-ftour-collectif-a-audin-ce-vendredi\/","title":{"rendered":"Un m\u00e9ga f\u2019tour collectif \u00e0 Audin ce vendredi"},"content":{"rendered":"<h4 class=\"title-14\"\/>\n<p>Les initiatives se multiplient pour maintenir la mobilisation durant le mois de Ramadhan. Un f\u2019tour collectif devrait \u00eatre organis\u00e9 vendredi place Audin, \u00e0 Alger-Centre.<\/p>\n<p>L\u2019op\u00e9ration, lanc\u00e9e \u00e0 l\u2019initiative du journaliste Toufik Amrane et un collectif d\u2019\u00e9tudiants des grandes \u00e9coles, s\u2019est mat\u00e9rialis\u00e9e ces derni\u00e8res heures. \u00abAvec des \u00e9tudiants d\u2019El Harrach, nous avons d\u00e9cid\u00e9 d\u2019organiser le f\u2019tour pour ce vendredi.<\/p>\n<p>La logistique est d\u00e9j\u00e0 en place pour offrir des plats pour 300 \u00e0 500 je\u00fbneurs\u00bb, signale \u00e0 El Watan Amrane, journaliste et initiateur du groupe des gilets orange, charg\u00e9 de la protection des marcheurs.<\/p>\n<p>L\u2019id\u00e9e d\u2019un m\u00e9ga f\u2019tour le soir du hirak (12e vendredi) a pris forme suite \u00e0 l\u2019appel lanc\u00e9 le 2 mai par un collectif d\u2019\u00e9tudiants des grandes \u00e9coles. Dans leur appel, les \u00e9tudiants s\u2019\u00e9taient propos\u00e9s d\u2019organiser \u00abdes iftars collectifs les jours de manifestations, et une journ\u00e9e sur trois le reste de la semaine au niveau des \u00e9coles et universit\u00e9s faisant partie du p\u00f4le\u00bb.<\/p>\n<p>Face \u00e0 la difficult\u00e9 de mener \u00e0 bien l\u2019op\u00e9ration, les initiateurs ont fait appel \u00e0 la g\u00e9n\u00e9rosit\u00e9 des Alg\u00e9riens. \u00abDes dons alimentaires, ou bien une participation financi\u00e8re ou mat\u00e9rielle nous aideraient \u00e0 concr\u00e9tiser cette initiative\u00bb, souligne l\u2019appel qui mentionne les num\u00e9ros de t\u00e9l\u00e9phone des initiateurs pour aider \u00e0 la r\u00e9ussite de l\u2019action caritative.<\/p>\n<p>La logistique a finalement pu se mettre en place gr\u00e2ce \u00e0 la g\u00e9n\u00e9rosit\u00e9 de certains bienfaiteurs, d\u2019associations et de particuliers. \u00abUn traiteur sera charg\u00e9 de l\u2019op\u00e9ration le jour du f\u2019tour. Il pr\u00e9parera les repas. Il y aura de la chorba, d\u2019autres plats, comme le riz, qui seront distribu\u00e9s sur des plateaux r\u00e9serv\u00e9s \u00e0 cet effet \u00e0 la place Audin ou m\u00eame \u00e0 la Grande-Poste. Nous estimons que certaines personnes qui viendront marcher resteront jusqu\u2019\u00e0 l\u2019adhan (appel \u00e0 la pri\u00e8re). Nous pourrions \u00e9ventuellement installer quelques tables et des chaises. Mais ce ne sera pas syst\u00e9matique, vu que cela n\u00e9cessite une autorisation et que nous ne voulons pas que les autorit\u00e9s s\u2019impliquent et r\u00e9cup\u00e8rent l\u2019action\u00bb, d\u00e9taille Amrane.<\/p>\n<p>La mobilisation populaire durant le mois sacr\u00e9 devrait rest\u00e9e la m\u00eame que les autres jours. Les \u00e9tudiants, sortis par milliers \u00e0 travers le pays, ont donn\u00e9 l\u2019exemple de l\u2019adh\u00e9sion au hirak. \u00abQuelle que soit la forme de mobilisation ou d\u2019expression, la lame de fond est toujours intacte, le g\u00e9nie populaire qui a surpris tout le monde le 22 f\u00e9vrier trouvera les formes d\u2019actions adapt\u00e9es.<\/p>\n<p>Ce qui est s\u00fbr, c\u2019est que l\u2019organisation et le d\u00e9bat continueront dans la soci\u00e9t\u00e9 et que les actions de protestation ne vont pas s\u2019arr\u00eater. Il y a d\u00e9j\u00e0 plusieurs propositions pour aller plus dans des rencontres, conf\u00e9rences et d\u00e9bats apr\u00e8s le f\u2019tour, mais aussi maintenir les marches du vendredi. Elles seront certainement moins importantes et ne prendront pas toute la journ\u00e9e comme \u00e0 Alger\u00bb, estime Sa\u00efd Salhi, vice-pr\u00e9sident de la LADDH. Faisant \u00e9cho aux appels lanc\u00e9s sur les r\u00e9seaux sociaux, l\u2019activiste, tr\u00e8s engag\u00e9 dans le hirak, estime qu\u2019il faudra surtout veiller \u00e0 ce que ces initiatives restent dans le cadre \u00abpacifique et unitaire\u00bb, qui repr\u00e9sente toute la force de la r\u00e9volution.<\/p>\n<p>\u00abLe m\u00e9pris affich\u00e9 par le syst\u00e8me avec la b\u00e9n\u00e9diction de l\u2019arm\u00e9e ne fera que renforcer la d\u00e9termination du peuple de ne pas s\u2019arr\u00eater \u00e0 mi-chemin\u00bb, conclut le vice-pr\u00e9sident de la ligue.<\/p>\n<div class=\"yuzo_related_post style-1\" data-version=\"5.12.88\">\n<p><h3>Related Post<\/h3>\n<\/p>\n<div class=\"yuzo_wraps\">\n<div class=\"relatedthumb relatedpost-565427 c11\"><a href=\"https:\/\/www.elwatan.com\/a-la-une\/les-algeriens-bravent-massivement-la-meteo-au-5e-vendredi-de-mobilisation-contre-le-systeme-que-vous-faut-il-de-plus-23-03-2019\"\/><\/p>\n<p><span class=\"yuzo__text--title c10\">Les alg\u00e9riens bravent massivement la m\u00e9t\u00e9o au 5e v&#8230;<\/span><\/div>\n<div class=\"relatedthumb relatedpost-203633 c11\"><a href=\"https:\/\/www.elwatan.com\/edition\/culture\/kouba-journees-culturelles-japonaises-01-12-2018\"\/><\/p>\n<p><span class=\"yuzo__text--title c10\">Kouba : Journ\u00e9es culturelles japonaises<\/span><\/div>\n<div class=\"relatedthumb relatedpost-554608 c11\"><a href=\"https:\/\/www.elwatan.com\/edition\/economie\/exportation-delectricite-un-cable-sous-marin-vers-lespagne-a-letude-selon-guitouni-23-01-2019\"\/><\/p>\n<p><span class=\"yuzo__text--title c10\">Exportation d\u2019\u00e9lectricit\u00e9 : \u00abUn c\u00e2ble sous-marin v&#8230;<\/span><\/div>\n<div class=\"relatedthumb relatedpost-546625 c11\"><a href=\"https:\/\/www.elwatan.com\/pages-hebdo\/auto\/mise-en-place-dun-comite-de-pilotage-2-02-01-2018\"\/><\/p>\n<p><span class=\"yuzo__text--title c10\">Mise en place d\u2019un comit\u00e9 de pilotage<\/span><\/div>\n<\/div>\n<\/div>\n<p><span class=\"post-views-label\">Post Views:<\/span> <span class=\"post-views-count\">2\u00a0211<\/span><\/p>\n<p>Auteur: Hicham Chouadria<br \/>\n<a href=\"https:\/\/www.elwatan.com\/edition\/actualite\/un-mega-ftour-collectif-a-audin-ce-vendredi-08-05-2019\">Cliquez ici pour lire l&rsquo;article depuis sa source.<\/a><\/p>\n","protected":false},"excerpt":{"rendered":"<p>Les initiatives se multiplient pour maintenir la mobilisation durant le mois de Ramadhan. Un f\u2019tour collectif devrait \u00eatre organis\u00e9 vendredi place Audin, \u00e0 Alger-Centre. L\u2019op\u00e9ration, lanc\u00e9e \u00e0 l\u2019initiative du journaliste Toufik Amrane et un collectif d\u2019\u00e9tudiants des grandes \u00e9coles, s\u2019est mat\u00e9rialis\u00e9e ces derni\u00e8res heures. \u00abAvec des \u00e9tudiants d\u2019El Harrach, nous avons d\u00e9cid\u00e9 d\u2019organiser le f\u2019tour [&hellip;]<\/p>\n","protected":false},"author":1743,"featured_media":0,"comment_status":"closed","ping_status":"closed","sticky":false,"template":"","format":"standard","meta":{"fifu_image_url":"","fifu_image_alt":"","footnotes":""},"categories":[73,53],"tags":[],"class_list":["post-33032","post","type-post","status-publish","format-standard","hentry","category-actualite","category-algerie"],"_links":{"self":[{"href":"https:\/\/linitiative.ca\/International\/wp-json\/wp\/v2\/posts\/33032","targetHints":{"allow":["GET"]}}],"collection":[{"href":"https:\/\/linitiative.ca\/International\/wp-json\/wp\/v2\/posts"}],"about":[{"href":"https:\/\/linitiative.ca\/International\/wp-json\/wp\/v2\/types\/post"}],"author":[{"embeddable":true,"href":"https:\/\/linitiative.ca\/International\/wp-json\/wp\/v2\/users\/1743"}],"replies":[{"embeddable":true,"href":"https:\/\/linitiative.ca\/International\/wp-json\/wp\/v2\/comments?post=33032"}],"version-history":[{"count":0,"href":"https:\/\/linitiative.ca\/International\/wp-json\/wp\/v2\/posts\/33032\/revisions"}],"wp:attachment":[{"href":"https:\/\/linitiative.ca\/International\/wp-json\/wp\/v2\/media?parent=33032"}],"wp:term":[{"taxonomy":"category","embeddable":true,"href":"https:\/\/linitiative.ca\/International\/wp-json\/wp\/v2\/categories?post=33032"},{"taxonomy":"post_tag","embeddable":true,"href":"https:\/\/linitiative.ca\/International\/wp-json\/wp\/v2\/tags?post=33032"}],"curies":[{"name":"wp","href":"https:\/\/api.w.org\/{rel}","templated":true}]}}