{"id":33033,"date":"2019-05-08T05:15:11","date_gmt":"2019-05-08T09:15:11","guid":{"rendered":"https:\/\/linitiative.ca\/International\/soufiane-djilali-president-de-jil-jadid-a-la-chaine-3-larmee-est-interpellee-pour-accompagner-une-courte-transition\/"},"modified":"2019-05-08T05:15:11","modified_gmt":"2019-05-08T09:15:11","slug":"soufiane-djilali-president-de-jil-jadid-a-la-chaine-3-larmee-est-interpellee-pour-accompagner-une-courte-transition","status":"publish","type":"post","link":"https:\/\/linitiative.ca\/International\/soufiane-djilali-president-de-jil-jadid-a-la-chaine-3-larmee-est-interpellee-pour-accompagner-une-courte-transition\/","title":{"rendered":"Soufiane Djilali, pr\u00e9sident de Jil Jadid, \u00e0 la cha\u00eene 3 : \u00abL\u2019arm\u00e9e est interpell\u00e9e pour accompagner une courte transition\u00bb"},"content":{"rendered":"<h4 class=\"title-14\"\/>\n<div class=\"featured_image\"><img width=\"1072\" height=\"842\" data-cfsrc=\"https:\/\/www.elwatan.com\/wp-content\/uploads\/2019\/05\/sofiane-col-sami-k.jpeg\" class=\"attachment-post-thumbnail size-post-thumbnail wp-post-image c1\" alt=\"\" srcset=\"https:\/\/www.elwatan.com\/wp-content\/uploads\/2019\/05\/sofiane-col-sami-k.jpeg 1072w, https:\/\/www.elwatan.com\/wp-content\/uploads\/2019\/05\/sofiane-col-sami-k-300x236.jpeg 300w, https:\/\/www.elwatan.com\/wp-content\/uploads\/2019\/05\/sofiane-col-sami-k-768x603.jpeg 768w, https:\/\/www.elwatan.com\/wp-content\/uploads\/2019\/05\/sofiane-col-sami-k-1024x804.jpeg 1024w\" sizes=\"(max-width: 1072px) 100vw, 1072px\"\/><noscript><\/p>\n<p><img loading=\"lazy\" decoding=\"async\" width=\"1072\" height=\"842\" src=\"https:\/\/www.elwatan.com\/wp-content\/uploads\/2019\/05\/sofiane-col-sami-k.jpeg\" class=\"attachment-post-thumbnail size-post-thumbnail wp-post-image\" alt=\"\" srcset=\"https:\/\/www.elwatan.com\/wp-content\/uploads\/2019\/05\/sofiane-col-sami-k.jpeg 1072w, https:\/\/www.elwatan.com\/wp-content\/uploads\/2019\/05\/sofiane-col-sami-k-300x236.jpeg 300w, https:\/\/www.elwatan.com\/wp-content\/uploads\/2019\/05\/sofiane-col-sami-k-768x603.jpeg 768w, https:\/\/www.elwatan.com\/wp-content\/uploads\/2019\/05\/sofiane-col-sami-k-1024x804.jpeg 1024w\" sizes=\"auto, (max-width: 1072px) 100vw, 1072px\"\/><\/p>\n<p><\/noscript> <span class=\"featured-image-caption\">(photo : Sami k )<\/span><\/div>\n<p>Le pr\u00e9sident de Jil Jadid, Soufiane Djilali, ne voit aucune autre solution \u00e0 la crise qui secoue actuellement le pays, en dehors d\u2019une phase de transition, la plus courte possible.<\/p>\n<p>S\u2019exprimant hier sur les ondes de la Cha\u00eene 3 de la Radio alg\u00e9rienne, Soufiane Djilali estime que les Alg\u00e9riens ont d\u00e9j\u00e0 fait leur r\u00e9f\u00e9rendum \u00e0 ciel ouvert pour un Etat de droit et une nouvelle R\u00e9publique.<\/p>\n<p>\u00abCela fait plus de 12 semaines que les Alg\u00e9riens sortent dans la rue. Il devient compliqu\u00e9 de trouver une issue rapide. La crise a perdur\u00e9. Le r\u00e9gime a mis trop de temps pour r\u00e9agir\u00bb, souligne cet homme politique, ex-membre du Conseil\u00a0national de transition (1994-1997).<\/p>\n<p>Soufiane Djilali consid\u00e8re qu\u2019\u00abil est tout de m\u00eame n\u00e9cessaire de trouver une solution raisonnable qui \u00e9pargne l\u2019Etat en tant que tel\u00bb. \u00abIl ne faut pas que dans l\u2019effondrement du r\u00e9gime de Bouteflika, l\u2019Etat soit d\u00e9stabilis\u00e9\u00bb, avertit-il.<\/p>\n<p>Le pr\u00e9sident de Jil Jadid rappelle que plusieurs solutions de sortie de crise ont \u00e9t\u00e9 mises sur la table par des partis politiques.<\/p>\n<p>\u00abLes solutions politiques possibles ont \u00e9t\u00e9 avanc\u00e9es par de nombreux acteurs politiques. Et tout le monde converge vers ce qui semble \u00eatre l\u2019unique solution, \u00e0 savoir d\u2019organiser une phase de transition qui soit assez courte pour permettre une mise en place des conditions idoines pour aller vers des \u00e9lections et l\u00e9gitimer de nouveau un pr\u00e9sident de la R\u00e9publique qui pourra, lui, par la suite entamer les v\u00e9ritables r\u00e9formes dont a besoin le pays\u00bb, insiste M. Djilali.<\/p>\n<p>Pour r\u00e9ussir cette phase de transition, il faudra aller vers \u00abdes n\u00e9gociations avec le v\u00e9ritable d\u00e9tenteur du pouvoir\u00bb. L\u2019invit\u00e9 de la Cha\u00eene\u00a03 assure que \u00abtout le monde sait que le pouvoir a \u00e9t\u00e9 transf\u00e9r\u00e9 de la pr\u00e9sidence de la R\u00e9publique vers l\u2019\u00e9tat-major de l\u2019arm\u00e9e. Tout le monde sait que pour des raisons historiques, l\u2019arm\u00e9e reste un acteur essentiel et surtout dans les modes de crises.<\/p>\n<p>Il faut donc travailler avec le r\u00e9el et non sous couverture, avec des fuites et des positions toujours embrouill\u00e9es\u00bb. Soufiane Djilali estime que \u00able chef de l\u2019Etat est aujourd\u2019hui dans l\u2019incapacit\u00e9 d\u2019agir\u00bb. D\u2019ailleurs, pr\u00e9cise-t-il, \u00abil propose \u00e0 chaque fois de retourner \u00e0 un dialogue pour imposer l\u2019\u00e9lection du 4 juillet alors que les conditions ne sont absolument pas r\u00e9unies\u00bb.<\/p>\n<p>Il estime, dans ce sillage, que le maintien de la pr\u00e9sidentielle du 4 juillet ne ferait qu\u2019aggraver la crise politique. \u00abLes conditions ne sont pas r\u00e9unies pour qu\u2019il y ait \u00e9lection le 4 juillet. Si le pouvoir maintient cette \u00e9lection, cela veut dire qu\u2019il a un candidat cach\u00e9 qu\u2019il va nous faire appara\u00eetre et nous imposer au nom du respect de la Constitution. Cela aggravera la crise de l\u00e9gitimit\u00e9 et de confiance\u00bb, pr\u00e9vient-il.<\/p>\n<p><strong>\u00abDialogue avec l\u2019arm\u00e9e\u00bb<\/strong><\/p>\n<p>La transition ne pourrait se faire, selon Soufiane Djilali, qu\u2019avec un dialogue et des discussions avec l\u2019arm\u00e9e. Il faut donc, selon lui, \u00abengager un vrai dialogue avec le centre du pouvoir pour s\u2019entendre sur une formule qui consiste en gros \u00e0 mettre en place une pr\u00e9sidence de l\u2019Etat avec des figures accept\u00e9es par tout le monde et dont les objectifs seraient bien d\u00e9termin\u00e9s et bien d\u00e9finis.<\/p>\n<p>C\u2019est-\u00e0-dire organiser les changements n\u00e9cessaires pour aller vers des \u00e9lections libres et transparentes, en un laps de temps court, mais suffisant\u00bb.<\/p>\n<p>Il ne s\u2019agit pas, pour lui, de chercher \u00e0 impliquer l\u2019arm\u00e9e dans le domaine politique. M.\u00a0Djilali estime que dans une telle conjoncture \u00abl\u2019arm\u00e9e est interpell\u00e9e pour accompagner cette phase de transition, non pas bien entendu pour la g\u00e9rer ni pour d\u00e9cider de l\u2019avenir\u00bb.<\/p>\n<p>Interrog\u00e9 sur le r\u00f4le des partis, Soufiane Djilali r\u00e9cuse l\u2019id\u00e9e selon laquelle ils \u00e9taient absents dans cette conjoncture. \u00abLes partis ont \u00e9t\u00e9 marginalis\u00e9s. Ils n\u2019ont jamais eu les moyens de leurs missions. Dans un Etat de droit, les partis politiques sont des institutions. Ils sont respect\u00e9s. Ils ont leur part d\u2019engagement dans la gestion d\u2019un pays.<\/p>\n<p>Or, en Alg\u00e9rie, les partis politiques ont \u00e9t\u00e9 d\u00e9mon\u00e9tis\u00e9s et discr\u00e9dit\u00e9s. Comment voulez-vous qu\u2019ils remplissent leur r\u00f4le, le moment venu\u00a0?\u00bb lance-t-il.<\/p>\n<p>S\u2019agissant de la repr\u00e9sentativit\u00e9 du hirak, Soufiane Djilali estime que cela demandera du temps. Mais, pour lui, \u00ables Alg\u00e9riens n\u2019ont pas besoin de consensus pour recr\u00e9er le parti unique\u00bb. \u00abAu contraire. Ils ont besoin de partis politiques qui portent des projets diff\u00e9rents.<\/p>\n<p>Ils ont besoin de d\u00e9mocratie, de pluralit\u00e9, d\u2019Etat de droit\u00bb, insiste-t-il. Le pr\u00e9sident de Jil Jadid revient sur certaines propositions comme la Constituante qu\u2019il estime \u00abimpossible\u00bb \u00e0 faire dans le contexte actuel. \u00abUne transition de deux ans est impossible, une Constituante nous m\u00e8nerait vers des conciliabules interminables.<\/p>\n<p>L\u2019option d\u2019une \u00e9lection pr\u00e9sidentielle me semble la plus r\u00e9aliste. Elle peut \u00eatre organis\u00e9e dans les six ou neuf mois au maximum, puisqu\u2019il faut prendre le temps de changer la loi \u00e9lectorale, la loi sur les partis politiques pour assouplir et laisser les citoyens alg\u00e9riens s\u2019organiser selon leurs v\u0153ux, changer la loi sur les m\u00e9dias parce qu\u2019il y a de graves d\u00e9s\u00e9quilibres et, enfin, mettre en place une commission ind\u00e9pendante qui puisse g\u00e9rer l\u2019ensemble du processus \u00e9lectoral.\u00bb<\/p>\n<p>Les r\u00e9formes profondes viendront, selon lui, \u00abune fois que les Alg\u00e9riens auront choisi celui qui devrait assumer la responsabilit\u00e9 ultime\u00bb. L\u2019\u00e9lection d\u2019un pr\u00e9sident de la R\u00e9publique l\u00e9gitime permettrait de \u00abred\u00e9marrer l\u2019\u00e9conomie, remettre le pays au travail et continuer les r\u00e9formes n\u00e9cessaires, telles que s\u00e9parer la justice de l\u2019Ex\u00e9cutif, r\u00e9duire les pouvoirs du pr\u00e9sident de la R\u00e9publique, donner plus de pouvoir aux d\u00e9put\u00e9s pour contr\u00f4ler l\u2019action de l\u2019Ex\u00e9cutif\u2026\u00bb<\/p>\n<p>Quant aux derni\u00e8res arrestations, Soufiane Djilali consid\u00e8re qu\u2019\u00abil est \u00e9vident que le pouvoir a besoin de reprendre un minimum de contact et de confiance avec la population. Il donne des gages\u00bb. Cependant, pour le pr\u00e9sident de Jil Jadid, le contexte actuel n\u2019est pas favorable pour \u00abouvrir des proc\u00e8s aussi complexes\u00a0\u00bb.<\/p>\n<div class=\"yuzo_related_post style-1\" data-version=\"5.12.88\">\n<p><h3>Related Post<\/h3>\n<\/p>\n<div class=\"yuzo_wraps\">\n<div class=\"relatedthumb relatedpost-570179 c11\"><a href=\"https:\/\/www.elwatan.com\/edition\/actualite\/on-vous-le-dit-4011-16-04-2019\"\/><\/p>\n<p><span class=\"yuzo__text--title c10\">On vous le dit<\/span><\/div>\n<div class=\"relatedthumb relatedpost-453898 c11\"><a href=\"https:\/\/www.elwatan.com\/regions\/sud\/actu-sud\/in-amenas-une-personne-arretee-pour-commercialisation-de-drogue-2-15-04-2014\"\/><\/p>\n<p><span class=\"yuzo__text--title c10\">In Amenas : Une personne arr\u00eat\u00e9e pour commercialis&#8230;<\/span><\/div>\n<div class=\"relatedthumb relatedpost-505845 c11\"><a href=\"https:\/\/www.elwatan.com\/regions\/sud\/actu-sud\/bordj-omar-driss-paroles-aux-jeunes-2-17-03-2016\"\/><\/p>\n<p><span class=\"yuzo__text--title c10\">Bordj Omar Driss : Paroles aux jeunes<\/span><\/div>\n<div class=\"relatedthumb relatedpost-561528 c11\"><a href=\"https:\/\/www.elwatan.com\/regions\/kabylie\/bejaia\/secteur-du-logement-a-bejaia-les-promoteurs-immobiliers-interpellent-le-ministre-03-03-2019\"\/><\/p>\n<p><span class=\"yuzo__text--title c10\">Secteur du logement \u00e0 B\u00e9ja\u00efa : Les promoteurs immo&#8230;<\/span><\/div>\n<\/div>\n<\/div>\n<p><span class=\"post-views-label\">Post Views:<\/span> <span class=\"post-views-count\">1\u00a0909<\/span><\/p>\n<p>Auteur: Hicham Chouadria<br \/>\n<a href=\"https:\/\/www.elwatan.com\/edition\/actualite\/soufiane-djilali-president-de-jil-jadid-a-la-chaine-3-larmee-est-interpellee-pour-accompagner-une-courte-transition-08-05-2019\">Cliquez ici pour lire l&rsquo;article depuis sa source.<\/a><\/p>\n","protected":false},"excerpt":{"rendered":"<p>(photo : Sami k ) Le pr\u00e9sident de Jil Jadid, Soufiane Djilali, ne voit aucune autre solution \u00e0 la crise qui secoue actuellement le pays, en dehors d\u2019une phase de transition, la plus courte possible. S\u2019exprimant hier sur les ondes de la Cha\u00eene 3 de la Radio alg\u00e9rienne, Soufiane Djilali estime que les Alg\u00e9riens ont [&hellip;]<\/p>\n","protected":false},"author":1743,"featured_media":33034,"comment_status":"closed","ping_status":"closed","sticky":false,"template":"","format":"standard","meta":{"fifu_image_url":"","fifu_image_alt":"","footnotes":""},"categories":[73,53],"tags":[],"class_list":["post-33033","post","type-post","status-publish","format-standard","has-post-thumbnail","hentry","category-actualite","category-algerie"],"_links":{"self":[{"href":"https:\/\/linitiative.ca\/International\/wp-json\/wp\/v2\/posts\/33033","targetHints":{"allow":["GET"]}}],"collection":[{"href":"https:\/\/linitiative.ca\/International\/wp-json\/wp\/v2\/posts"}],"about":[{"href":"https:\/\/linitiative.ca\/International\/wp-json\/wp\/v2\/types\/post"}],"author":[{"embeddable":true,"href":"https:\/\/linitiative.ca\/International\/wp-json\/wp\/v2\/users\/1743"}],"replies":[{"embeddable":true,"href":"https:\/\/linitiative.ca\/International\/wp-json\/wp\/v2\/comments?post=33033"}],"version-history":[{"count":0,"href":"https:\/\/linitiative.ca\/International\/wp-json\/wp\/v2\/posts\/33033\/revisions"}],"wp:featuredmedia":[{"embeddable":true,"href":"https:\/\/linitiative.ca\/International\/wp-json\/"}],"wp:attachment":[{"href":"https:\/\/linitiative.ca\/International\/wp-json\/wp\/v2\/media?parent=33033"}],"wp:term":[{"taxonomy":"category","embeddable":true,"href":"https:\/\/linitiative.ca\/International\/wp-json\/wp\/v2\/categories?post=33033"},{"taxonomy":"post_tag","embeddable":true,"href":"https:\/\/linitiative.ca\/International\/wp-json\/wp\/v2\/tags?post=33033"}],"curies":[{"name":"wp","href":"https:\/\/api.w.org\/{rel}","templated":true}]}}