{"id":33039,"date":"2019-05-08T11:31:18","date_gmt":"2019-05-08T15:31:18","guid":{"rendered":"https:\/\/linitiative.ca\/International\/le-complexe-electronique-enie-a-sidi-bel-abbes-occupe-par-des-dizaines-de-chomeurs\/"},"modified":"2019-05-08T11:31:18","modified_gmt":"2019-05-08T15:31:18","slug":"le-complexe-electronique-enie-a-sidi-bel-abbes-occupe-par-des-dizaines-de-chomeurs","status":"publish","type":"post","link":"https:\/\/linitiative.ca\/International\/le-complexe-electronique-enie-a-sidi-bel-abbes-occupe-par-des-dizaines-de-chomeurs\/","title":{"rendered":"Le complexe \u00e9lectronique ENIE \u00e0 Sidi Bel Abb\u00e8s occup\u00e9 par des dizaines de ch\u00f4meurs"},"content":{"rendered":"<h4 class=\"title-14\"\/>\n<p>Des\u00a0dizaines\u00a0de jeunes ch\u00f4meurs ont \u00ab\u00a0envahi\u00a0\u00bb, ce mercredi 8 mai 2019, le complexe de l\u2019Entreprise nationale des industries \u00e9lectroniques (ENIE) \u00e0 Sidi Bel Abb\u00e8s pour r\u00e9clamer leur recrutement, a-t-on appris aupr\u00e8s de plusieurs employ\u00e9s de l\u2019ENIE.<\/p>\n<p>Apr\u00e8s avoir observ\u00e9 un sit-in \u00e0 l\u2019entr\u00e9e du complexe, le second en l\u2019espace de dix jours, les jeunes ch\u00f4meurs ont r\u00e9ussi \u00e0 p\u00e9n\u00e9trer \u00e0 l\u2019int\u00e9rieur malgr\u00e9 toutes les tentatives des agents de s\u00e9curit\u00e9\u00a0 de les repousser. \u00ab\u00a0Plusieurs d\u2019entre eux ont m\u00eame pu m\u00eame acc\u00e9der aux ateliers de production, provoquant ainsi une panique parmi le personnel d\u2019ex\u00e9cution et les cadres des unit\u00e9s de production\u00a0\u00bb,\u00a0 pr\u00e9cisent nos interlocuteurs.<\/p>\n<p>Plusieurs travailleurs\u00a0 ont m\u00eame \u00e9t\u00e9 oblig\u00e9s de d\u2019arr\u00eater la production et d\u2019abandonner leurs postes. Pour \u00e9viter tout incident, la direction g\u00e9n\u00e9rale de l\u2019ENIE a d\u00e9cid\u00e9 de suspendre partiellement la\u00a0 production en fin de matin\u00e9e, indique une source proche de la direction.<\/p>\n<p>Le Pr\u00e9sident directeur-g\u00e9n\u00e9ral (PDG), M. Djamel Bekerra, que nous n\u2019avons pu joindre hier, a \u00e9galement saisi le parquet g\u00e9n\u00e9ral et les responsables s\u00e9curitaires au niveau local pour \u00ab\u00a0s\u00e9curiser le personnel et les infrastructures de l\u2019ENIE\u00a0\u00bb, affirment des cadres de l\u2019entreprise.<\/p>\n<p>Les jeunes ch\u00f4meurs, enfants de travailleurs retrait\u00e9s de l\u2019ENIE, estiment \u00eatre en droit d\u2019\u00eatre embaucher \u00ab\u00a0prioritairement\u00a0\u00bb au sein des diff\u00e9rentes unit\u00e9s de production du complexe. Pour la direction de l\u2019Entreprise, les recrutements n\u2019ob\u00e9issent qu\u2019\u00e0 des crit\u00e8res de \u00ab\u00a0comp\u00e9tence et d\u2019aptitude professionnelle\u00a0\u00bb.<\/p>\n<div class=\"yuzo_related_post style-1\" data-version=\"5.12.88\">\n<p><h3>Related Post<\/h3>\n<\/p>\n<div class=\"yuzo_wraps\">\n<div class=\"relatedthumb relatedpost-147704 c11\"><a href=\"https:\/\/www.elwatan.com\/regions\/ouest\/bel-abes\/sidi-hamadouche-sidi-bel-abbes-deux-enseignantes-perissent-dans-un-accident-05-09-2018\"\/><\/p>\n<p><span class=\"yuzo__text--title c10\">Sidi Hamadouche (Sidi Bel Abb\u00e8s) : Deux enseignant&#8230;<\/span><\/div>\n<div class=\"relatedthumb relatedpost-560662 c11\"><a href=\"https:\/\/www.elwatan.com\/edition\/actualite\/des-milliers-detudiants-manifestent-contre-le-5e-mandat-a-sidi-bel-abbes-26-02-2019\"\/><\/p>\n<p><span class=\"yuzo__text--title c10\">Des milliers d\u2019\u00e9tudiants manifestent contre &#8230;<\/span><\/div>\n<div class=\"relatedthumb relatedpost-148095 c11\"><a href=\"https:\/\/www.elwatan.com\/edition\/actualite\/merine-sidi-bel-abbes-le-terroriste-abattu-identifie-08-09-2018\"\/><\/p>\n<p><span class=\"yuzo__text--title c10\">Merine (Sidi Bel Abb\u00e8s) : Le terroriste abattu Ide&#8230;<\/span><\/div>\n<div class=\"relatedthumb relatedpost-149835 c11\"><a href=\"https:\/\/www.elwatan.com\/regions\/ouest\/bel-abes\/pluies-torrentielles-a-sidi-bel-abbes-plusieurs-quartiers-isoles-16-09-2018\"\/><\/p>\n<p><span class=\"yuzo__text--title c10\">Pluies torrentielles \u00e0 Sidi Bel Abb\u00e8s : Plusieurs &#8230;<\/span><\/div>\n<\/div>\n<\/div>\n<p><span class=\"post-views-label\">Post Views:<\/span> <span class=\"post-views-count\">0<\/span><\/p>\n<p>Auteur: Farouk Djouadi<br \/>\n<a href=\"https:\/\/www.elwatan.com\/edition\/actualite\/le-complexe-electronique-enie-occupe-par-des-dizaines-de-chomeurs-08-05-2019\">Cliquez ici pour lire l&rsquo;article depuis sa source.<\/a><\/p>\n","protected":false},"excerpt":{"rendered":"<p>Des\u00a0dizaines\u00a0de jeunes ch\u00f4meurs ont \u00ab\u00a0envahi\u00a0\u00bb, ce mercredi 8 mai 2019, le complexe de l\u2019Entreprise nationale des industries \u00e9lectroniques (ENIE) \u00e0 Sidi Bel Abb\u00e8s pour r\u00e9clamer leur recrutement, a-t-on appris aupr\u00e8s de plusieurs employ\u00e9s de l\u2019ENIE. Apr\u00e8s avoir observ\u00e9 un sit-in \u00e0 l\u2019entr\u00e9e du complexe, le second en l\u2019espace de dix jours, les jeunes ch\u00f4meurs ont [&hellip;]<\/p>\n","protected":false},"author":1743,"featured_media":0,"comment_status":"closed","ping_status":"closed","sticky":false,"template":"","format":"standard","meta":{"fifu_image_url":"","fifu_image_alt":"","footnotes":""},"categories":[73,53],"tags":[],"class_list":["post-33039","post","type-post","status-publish","format-standard","hentry","category-actualite","category-algerie"],"_links":{"self":[{"href":"https:\/\/linitiative.ca\/International\/wp-json\/wp\/v2\/posts\/33039","targetHints":{"allow":["GET"]}}],"collection":[{"href":"https:\/\/linitiative.ca\/International\/wp-json\/wp\/v2\/posts"}],"about":[{"href":"https:\/\/linitiative.ca\/International\/wp-json\/wp\/v2\/types\/post"}],"author":[{"embeddable":true,"href":"https:\/\/linitiative.ca\/International\/wp-json\/wp\/v2\/users\/1743"}],"replies":[{"embeddable":true,"href":"https:\/\/linitiative.ca\/International\/wp-json\/wp\/v2\/comments?post=33039"}],"version-history":[{"count":0,"href":"https:\/\/linitiative.ca\/International\/wp-json\/wp\/v2\/posts\/33039\/revisions"}],"wp:attachment":[{"href":"https:\/\/linitiative.ca\/International\/wp-json\/wp\/v2\/media?parent=33039"}],"wp:term":[{"taxonomy":"category","embeddable":true,"href":"https:\/\/linitiative.ca\/International\/wp-json\/wp\/v2\/categories?post=33039"},{"taxonomy":"post_tag","embeddable":true,"href":"https:\/\/linitiative.ca\/International\/wp-json\/wp\/v2\/tags?post=33039"}],"curies":[{"name":"wp","href":"https:\/\/api.w.org\/{rel}","templated":true}]}}