{"id":33049,"date":"2019-05-08T10:50:00","date_gmt":"2019-05-08T14:50:00","guid":{"rendered":"https:\/\/linitiative.ca\/International\/faycal-gouia-un-accord-de-libre-echange-entre-la-tunisie-et-les-etats-unis-ouvrirait-de-nouveaux-horizons\/"},"modified":"2019-05-08T10:50:00","modified_gmt":"2019-05-08T14:50:00","slug":"faycal-gouia-un-accord-de-libre-echange-entre-la-tunisie-et-les-etats-unis-ouvrirait-de-nouveaux-horizons","status":"publish","type":"post","link":"https:\/\/linitiative.ca\/International\/faycal-gouia-un-accord-de-libre-echange-entre-la-tunisie-et-les-etats-unis-ouvrirait-de-nouveaux-horizons\/","title":{"rendered":"Fay\u00e7al Gouia : Un accord de libre-\u00e9change entre la Tunisie et les Etats-Unis ouvrirait de nouveaux horizons"},"content":{"rendered":"<p><em><strong>Par Fay\u00e7al Gouia, Ambassadeur de Tunisie \u00e0 Washington DC &#8211;<\/strong><\/em> La Tunisie post-r\u00e9volutionnaire b\u00e9n\u00e9ficie du respect et de la consid\u00e9ration de la classe politique, des l\u00e9gislateurs, des think tanks et des m\u00e9dias am\u00e9ricains. Unique d\u00e9mocratie dans la r\u00e9gion, antimod\u00e8le de l\u2019Etat r\u00e9trograde pr\u00e9conis\u00e9 par les organisations terroristes, leader du changement politique et soci\u00e9tal dans le monde arabo-musulman, la Tunisie est souvent cit\u00e9e comme le mod\u00e8le d\u2019un \u00c9tat r\u00e9silient, ouvert, moderne et tol\u00e9rant dans une r\u00e9gion volatile et incertaine.\u00a0 Li\u00e9s par une amiti\u00e9 historique pluri-centenaire, un partenariat strat\u00e9gique prometteur, une lutte commune contre le terrorisme, un statut d\u2019alli\u00e9 majeur non membre de l\u2019Otan, la Tunisie et les \u00c9tats Unis ont inscrit leurs relations dans une perspective de convergence d\u2019int\u00e9r\u00eats et de partenariat privil\u00e9gi\u00e9.<\/p>\n<p>Au Congr\u00e8s am\u00e9ricain, la Tunisie n\u2019a que des amis, des sympathisants et des d\u00e9fenseurs. B\u00e9n\u00e9ficiant d\u2019un soutien bipartisan, congressmen et s\u00e9nateurs ne manquent aucune occasion pour mettre en \u00e9vidence les succ\u00e8s de l\u2019exp\u00e9rience d\u00e9mocratique tunisienne et augmenter l\u2019appui financier \u00e0 la Tunisie, par pure conviction qu\u2019il s\u2019agit d\u2019un investissement dans l\u2019int\u00e9r\u00eat m\u00eame des \u00c9tats-Unis, qui demeurent un porte-\u00e9tendard de la d\u00e9mocratie et des droits de l\u2019Homme de par le monde.<\/p>\n<p>Les think tanks et les m\u00e9dias, qui auparavant n\u2019\u00e9voquaient la Tunisie que pour critiquer son manque d\u2019ouverture et ses abus des libert\u00e9s et des droits de l\u2019Homme, consacrent des panels et des reportages entiers pour parler de cette d\u00e9mocratie naissante qui, malgr\u00e9 ses insuffisances et ses lacunes, reste digne d\u2019int\u00e9r\u00eat et de suivi.<\/p>\n<p>\u00c9tant donn\u00e9 que les relations politiques sont excellentes, l\u2019int\u00e9r\u00eat doit porter sur le d\u00e9veloppement des \u00e9changes \u00e9conomiques et commerciaux, les investissements, le tourisme et la culture. Un accord de libre-\u00e9change avec les \u00c9tats-Unis pourrait ouvrir des horizons aux investisseurs et autres acteurs \u00e9conomiques des deux pays. L\u2019ouverture d\u2019une ligne a\u00e9rienne directe est n\u00e9cessaire pour le d\u00e9veloppement des flux touristiques et des \u00e9changes commerciaux. Une attention particuli\u00e8re doit \u00eatre accord\u00e9e \u00e0 la culture qui repr\u00e9sente le moyen le plus efficace pour int\u00e9resser les Am\u00e9ricains \u00e0 l\u2019art, \u00e0 la musique, \u00e0 l\u2019histoire et au cin\u00e9ma tunisiens.<\/p>\n<p class=\"c2\"><strong>Fay\u00e7al Gouia<\/strong><\/p>\n<p class=\"c2\">Ambassadeur de Tunisie \u00e0 Washington DC<\/p>\n<p class=\"c3\"><strong>Lire aussi<\/strong><\/p>\n<p class=\"c3\"><a href=\"https:\/\/www.leaders.com.tn\/article\/27052-fmi-entre-certitudes-et-incertitudes\" target=\"_blank\" rel=\"noopener noreferrer\">FMI: Entre certitudes et incertitudes<\/a><\/p>\n<p class=\"c3\"><a href=\"https:\/\/www.leaders.com.tn\/article\/27051-la-tunisie-vue-de-washington-dc-tenez-bon-vous-pouvez-vous-en-sortir\" target=\"_blank\" rel=\"noopener noreferrer\">La Tunisie vue de Washington DC : \u00abTenez bon, vous pouvez vous en sortir\u00bb<\/a><br \/><a href=\"https:\/\/www.leaders.com.tn\/article\/26864-pourquoi-le-fmi-revoit-a-la-baisse-la-croissance-mondiale-en-2019\" target=\"_blank\" rel=\"noopener noreferrer\">Pourquoi le FMI revoit \u00e0 la baisse la croissance mondiale en 2019<\/a><\/p>\n<p class=\"c3\"><a href=\"https:\/\/www.leaders.com.tn\/article\/26859-qui-participe-au-nom-de-la-tunisie-aux-reunions-du-printemps-a-washington\" target=\"_blank\" rel=\"noopener noreferrer\">Qui participe au nom de la Tunisie aux R\u00e9unions du Printemps \u00e0 Washington<\/a><\/p>\n<p class=\"c3\"><a href=\"https:\/\/www.leaders.com.tn\/article\/26863-que-fait-yassine-brahim-a-washington-dc\" target=\"_blank\" rel=\"noopener noreferrer\">Que fait Yassine Brahim \u00e0 Washington DC<\/a><\/p>\n<p class=\"c3\"><a href=\"https:\/\/www.leaders.com.tn\/article\/26856-l-agenda-charge-de-jhinaoui-a-new-york-et-washington-conseil-de-securite-sommet-arabe-libye\" target=\"_blank\" rel=\"noopener noreferrer\">L\u2019agenda charg\u00e9 de Jhinaoui \u00e0 New York et Washington : Conseil de S\u00e9curit\u00e9, Sommet arabe, Libye\u2026<\/a><\/p>\n<p class=\"c3\"><a href=\"https:\/\/www.leaders.com.tn\/article\/26865-olfa-soukri-cherif-reelue-a-washington-au-conseil-d-administration-du-reseau-parlementaire-mondial\" target=\"_blank\" rel=\"noopener noreferrer\">Olfa Soukri Cherif, r\u00e9\u00e9lue \u00e0 Washington au Conseil d\u2019administration du r\u00e9seau parlementaire mondial<\/a><\/p>\n<p class=\"c3\"><a href=\"https:\/\/www.leaders.com.tn\/article\/26860-caisses-des-depots\" target=\"_blank\" rel=\"noopener noreferrer\">Ridha Chalghoum et Boutheina Ben Yaghlane pr\u00e9sentent \u00e0 Washington DC les avanc\u00e9es de la CDC<\/a><\/p>\n<p class=\"c3\"><a href=\"https:\/\/www.leaders.com.tn\/article\/26869-ouided-bouchamaoui-invitee-d-honneur-a-washington\" target=\"_blank\" rel=\"noopener noreferrer\">Ouided Bouchamaoui invit\u00e9e d\u2019honneur \u00e0 Washington<\/a><\/p>\n<p class=\"c3\"><a href=\"https:\/\/www.leaders.com.tn\/article\/26873-jhinaoui-a-washington-les-etats-unis-reiterent-leur-plein-soutien-a-la-tunisie\" target=\"_blank\" rel=\"noopener noreferrer\">Jhinaoui re\u00e7u \u00e0 Washington : Nouvel appui am\u00e9ricain significatif \u00e0 la Tunisie<\/a><\/p>\n<p class=\"c3\"><a href=\"https:\/\/www.leaders.com.tn\/article\/26877-ridha-chalghoum-depuis-washington-il-n-y-a-pas-de-desaccord-avec-le-fmi-sur-les-montants-de-la-caisse-de-compensation-video\" target=\"_blank\" rel=\"noopener noreferrer\">Ridha Chalghoum, depuis Washington : Il n\u2019y a pas de d\u00e9saccord avec le FMI sur les montants de la Caisse de Compensation (Photos et Vid\u00e9o)<\/a><\/p>\n<p class=\"c3\"><a href=\"https:\/\/www.leaders.com.tn\/article\/26866-senateur-lindsay-graham-conduira-ce-mois-ci-a-tunis-une-importante-delegation-du-congres-americain\" target=\"_blank\" rel=\"noopener noreferrer\">Le s\u00e9nateur Lindsay Graham conduira ce mois-ci \u00e0 Tunis une importante d\u00e9l\u00e9gation du Congr\u00e8s am\u00e9ricain<\/a><\/p>\n<p class=\"c3\"><a href=\"https:\/\/www.leaders.com.tn\/article\/26880-jihad-azour-fmi-la-capacite-de-la-tunisie-a-juguler-l-inflation-et-soutenir-les-groupes-sociaux-vulnerables-est-essentielle-video\" target=\"_blank\" rel=\"noopener noreferrer\">Jihad Azour \u2013 FMI : La capacit\u00e9 de la Tunisie \u00e0 juguler l\u2019inflation et soutenir les groupes sociaux vuln\u00e9rables est essentielle (Vid\u00e9o)<\/a><\/p>\n<p class=\"c3\"><a href=\"https:\/\/www.leaders.com.tn\/article\/26874-exclusif-christine-lagarde-a-leaders-les-discussions-avec-la-tunisie-vont-progresser-et-aboutir-dans-les-jours-qui-viennent-video\" target=\"_blank\" rel=\"noopener noreferrer\">Exclusif &#8211; Christine Lagarde \u00e0 Leaders : Les discussions avec la Tunisie vont progresser et aboutir dans les jours qui viennent (Vid\u00e9o)<\/a><\/p>\n<p class=\"c3\"><a href=\"https:\/\/www.leaders.com.tn\/article\/26918-officiel-accord-fmi-tunisie-au-niveau-des-services-sur-la-cinquieme-revue-du-programme\" target=\"_blank\" rel=\"noopener noreferrer\">Officiel &#8211; Accord FMI &#8211; Tunisie au niveau des services sur la cinqui\u00e8me revue du programme<\/a><\/p>\n<p class=\"c3\"><a href=\"https:\/\/www.leaders.com.tn\/article\/26901-exclusif-fmi-vers-une-suite-favorable-a-la-tunisie-sans-nouvelles-restrictions\" target=\"_blank\" rel=\"noopener noreferrer\">Exclusif &#8211; FMI : Vers une suite favorable \u00e0 la Tunisie, sans nouvelles restrictions<\/a><\/p>\n<p class=\"c3\"><a href=\"https:\/\/www.leaders.com.tn\/article\/26864-pourquoi-le-fmi-revoit-a-la-baisse-la-croissance-mondiale-en-2019\" target=\"_blank\" rel=\"noopener noreferrer\">Pourquoi le FMI revoit \u00e0 la baisse la croissance mondiale en 2019<\/a><\/p>\n<p class=\"c4\"><strong><a href=\"https:\/\/www.leaders.com.tn\/le_mensuel_abonnez_vous\" target=\"_blank\" rel=\"noopener noreferrer\"><img loading=\"lazy\" decoding=\"async\" src=\"\/uploads\/FCK_files\/Bandeau-Leaders-1-copie(19).jpg\" alt=\"\" width=\"500\" vspace=\"5\" hspace=\"5\" height=\"128\" align=\"middle\"\/><\/a><\/strong><\/p>\n<p>\u00a0<\/p>\n<p>Auteur:<br \/>\n<a href=\"https:\/\/www.leaders.com.tn\/article\/27063-faycal-gouia-ambassadeur-de-tunisie-a-washington-dc-un-accord-de-libre-echange-pourrait-ouvrir-de-nouveaux-horizons\">Cliquez ici pour lire l&rsquo;article depuis sa source.<\/a><\/p>\n","protected":false},"excerpt":{"rendered":"<p>Par Fay\u00e7al Gouia, Ambassadeur de Tunisie \u00e0 Washington DC &#8211; La Tunisie post-r\u00e9volutionnaire b\u00e9n\u00e9ficie du respect et de la consid\u00e9ration de la classe politique, des l\u00e9gislateurs, des think tanks et des m\u00e9dias am\u00e9ricains. Unique d\u00e9mocratie dans la r\u00e9gion, antimod\u00e8le de l\u2019Etat r\u00e9trograde pr\u00e9conis\u00e9 par les organisations terroristes, leader du changement politique et soci\u00e9tal dans le [&hellip;]<\/p>\n","protected":false},"author":1772,"featured_media":33050,"comment_status":"closed","ping_status":"closed","sticky":false,"template":"","format":"standard","meta":{"fifu_image_url":"","fifu_image_alt":"","footnotes":""},"categories":[73,55],"tags":[],"class_list":["post-33049","post","type-post","status-publish","format-standard","has-post-thumbnail","hentry","category-actualite","category-tunisie"],"_links":{"self":[{"href":"https:\/\/linitiative.ca\/International\/wp-json\/wp\/v2\/posts\/33049","targetHints":{"allow":["GET"]}}],"collection":[{"href":"https:\/\/linitiative.ca\/International\/wp-json\/wp\/v2\/posts"}],"about":[{"href":"https:\/\/linitiative.ca\/International\/wp-json\/wp\/v2\/types\/post"}],"author":[{"embeddable":true,"href":"https:\/\/linitiative.ca\/International\/wp-json\/wp\/v2\/users\/1772"}],"replies":[{"embeddable":true,"href":"https:\/\/linitiative.ca\/International\/wp-json\/wp\/v2\/comments?post=33049"}],"version-history":[{"count":0,"href":"https:\/\/linitiative.ca\/International\/wp-json\/wp\/v2\/posts\/33049\/revisions"}],"wp:featuredmedia":[{"embeddable":true,"href":"https:\/\/linitiative.ca\/International\/wp-json\/"}],"wp:attachment":[{"href":"https:\/\/linitiative.ca\/International\/wp-json\/wp\/v2\/media?parent=33049"}],"wp:term":[{"taxonomy":"category","embeddable":true,"href":"https:\/\/linitiative.ca\/International\/wp-json\/wp\/v2\/categories?post=33049"},{"taxonomy":"post_tag","embeddable":true,"href":"https:\/\/linitiative.ca\/International\/wp-json\/wp\/v2\/tags?post=33049"}],"curies":[{"name":"wp","href":"https:\/\/api.w.org\/{rel}","templated":true}]}}