{"id":33052,"date":"2019-05-08T04:05:44","date_gmt":"2019-05-08T08:05:44","guid":{"rendered":"https:\/\/linitiative.ca\/International\/el-otmani-presente-le-bilan-detape-de-laction-gouvernementale-le-13-mai-devant-les-deux-chambres-du-parlement\/"},"modified":"2019-05-08T04:05:44","modified_gmt":"2019-05-08T08:05:44","slug":"el-otmani-presente-le-bilan-detape-de-laction-gouvernementale-le-13-mai-devant-les-deux-chambres-du-parlement","status":"publish","type":"post","link":"https:\/\/linitiative.ca\/International\/el-otmani-presente-le-bilan-detape-de-laction-gouvernementale-le-13-mai-devant-les-deux-chambres-du-parlement\/","title":{"rendered":"El Otmani pr\u00e9sente le bilan d\u2019\u00e9tape de l\u2019action gouvernementale, le 13 mai devant les deux chambres du Parlement"},"content":{"rendered":"<p>Les deux chambres du Parlement tiendront, lundi prochain, une s\u00e9ance pl\u00e9ni\u00e8re commune au cours de laquelle le Chef du gouvernement, Sa\u00e2d Dine El Otmani pr\u00e9sentera le bilan d\u2019\u00e9tape de l\u2019action gouvernementale.<\/p>\n<div class=\"c10\"\/>\n<p>Cette s\u00e9ance, qui d\u00e9butera \u00e0 14h30, se tiendra conform\u00e9ment au premier alin\u00e9a de l\u2019article 101 de la Constitution, indique un communiqu\u00e9 conjoint des deux Chambres.<\/p>\n<div class=\"c17\">\n<fieldset class=\"c16\">\n<legend><strong><span class=\"c11\">Challenge<\/span><span class=\"c12\">news<\/span><\/strong><\/legend>\n<div class=\"c15\">Le meilleur de la r\u00e9daction s\u00e9lectionn\u00e9 par Challenge :<\/p>\n<\/div>\n<\/fieldset>\n<\/div>\n<p>Auteur: Hassan Manyani<br \/>\n<a href=\"https:\/\/www.challenge.ma\/el-otmani-presente-le-bilan-detape-de-laction-gouvernementale-le-13-mai-devant-les-deux-chambres-du-parlement-108886\/\">Cliquez ici pour lire l&rsquo;article depuis sa source.<\/a><\/p>\n","protected":false},"excerpt":{"rendered":"<p>Les deux chambres du Parlement tiendront, lundi prochain, une s\u00e9ance pl\u00e9ni\u00e8re commune au cours de laquelle le Chef du gouvernement, Sa\u00e2d Dine El Otmani pr\u00e9sentera le bilan d\u2019\u00e9tape de l\u2019action gouvernementale. Cette s\u00e9ance, qui d\u00e9butera \u00e0 14h30, se tiendra conform\u00e9ment au premier alin\u00e9a de l\u2019article 101 de la Constitution, indique un communiqu\u00e9 conjoint des deux [&hellip;]<\/p>\n","protected":false},"author":1787,"featured_media":0,"comment_status":"closed","ping_status":"closed","sticky":false,"template":"","format":"standard","meta":{"fifu_image_url":"","fifu_image_alt":"","footnotes":""},"categories":[78,54],"tags":[],"class_list":["post-33052","post","type-post","status-publish","format-standard","hentry","category-economie","category-maroc"],"_links":{"self":[{"href":"https:\/\/linitiative.ca\/International\/wp-json\/wp\/v2\/posts\/33052","targetHints":{"allow":["GET"]}}],"collection":[{"href":"https:\/\/linitiative.ca\/International\/wp-json\/wp\/v2\/posts"}],"about":[{"href":"https:\/\/linitiative.ca\/International\/wp-json\/wp\/v2\/types\/post"}],"author":[{"embeddable":true,"href":"https:\/\/linitiative.ca\/International\/wp-json\/wp\/v2\/users\/1787"}],"replies":[{"embeddable":true,"href":"https:\/\/linitiative.ca\/International\/wp-json\/wp\/v2\/comments?post=33052"}],"version-history":[{"count":0,"href":"https:\/\/linitiative.ca\/International\/wp-json\/wp\/v2\/posts\/33052\/revisions"}],"wp:attachment":[{"href":"https:\/\/linitiative.ca\/International\/wp-json\/wp\/v2\/media?parent=33052"}],"wp:term":[{"taxonomy":"category","embeddable":true,"href":"https:\/\/linitiative.ca\/International\/wp-json\/wp\/v2\/categories?post=33052"},{"taxonomy":"post_tag","embeddable":true,"href":"https:\/\/linitiative.ca\/International\/wp-json\/wp\/v2\/tags?post=33052"}],"curies":[{"name":"wp","href":"https:\/\/api.w.org\/{rel}","templated":true}]}}