{"id":33110,"date":"2019-05-08T23:24:46","date_gmt":"2019-05-09T03:24:46","guid":{"rendered":"https:\/\/linitiative.ca\/International\/necrologie-martin-belinga-eboutou-est-decede\/"},"modified":"2019-05-08T23:24:46","modified_gmt":"2019-05-09T03:24:46","slug":"necrologie-martin-belinga-eboutou-est-decede","status":"publish","type":"post","link":"https:\/\/linitiative.ca\/International\/necrologie-martin-belinga-eboutou-est-decede\/","title":{"rendered":"N\u00e9crologie: Martin Belinga Eboutou est d\u00e9c\u00e9d\u00e9"},"content":{"rendered":"<p>Par voie de communiqu\u00e9 parvenu \u00e0 notre r\u00e9daction, l\u2019actuel ministre directeur du<\/p>\n<p>Cabinet civil, Samuel Mvondo Ayolo a annonc\u00e9 le d\u00e9c\u00e8s de Martin Belinga Eboutou.<\/p>\n<p>L\u2019ancien directeur du Cabinet civil de la pr\u00e9sidence de la R\u00e9publique est d\u00e9c\u00e9d\u00e9 ce\u00a0mercredi 08 mai 2019, \u00e0 Gen\u00e8ve en Suisse, des suites d\u2019une longue maladie.<\/p>\n<p>Martin Belinga Eboutou \u00e9tait hospitalis\u00e9 depuis plus d\u2019un an dans la ville suisse, qu\u2019il connaissait particuli\u00e8rement bien pour y avoir pass\u00e9 de longs s\u00e9jours aux c\u00f4t\u00e9s du Chef de l\u2019\u00c9tat camerounais.<\/p>\n<p>Tout-puissant au palais pr\u00e9sidentiel, o\u00f9 beaucoup le consid\u00e9rerait comme le premier personnage de l\u2019\u00c9tat apr\u00e8s Paul Biya, il y avait \u00e9t\u00e9 remplac\u00e9 en mars par Samuel Mvondo Ayolo, auparavant ambassadeur du Cameroun en France.<\/p>\n<p>Ancien s\u00e9minariste, form\u00e9 dans l\u2019ex-Za\u00efre (aujourd\u2019hui R\u00e9publique d\u00e9mocratique du<\/p>\n<p>Congo) et \u00e0 Paris, il \u00e9tait titulaire d\u2019une licence en droit canon, d\u2019un doctorat en droit et dipl\u00f4m\u00e9 de la section diplomatique de l\u2019ENA, \u00e0 Paris.<\/p>\n<p>Diplomate de carri\u00e8re, il\u00a0avait\u00a0fr\u00e9quent\u00e9 les ambassades du Cameroun \u00e0 Brazzaville et \u00e0 Paris avant de<\/p>\n<p>rentrer \u00e0 Yaound\u00e9, o\u00f9 il \u00e9tait devenu le directeur du protocole d\u2019\u00c9tat en 1989.<\/p>\n<p>Particuli\u00e8rement proche de Paul Biya, dont il partageait la ferveur religieuse, il avait ensuite \u00e9t\u00e9 nomm\u00e9 une premi\u00e8re fois directeur du cabinet civil en 1996, avant de prendre la direction de la repr\u00e9sentation du Cameroun aupr\u00e8s de l\u2019Organisation des Nations unies, \u00e0 New York, en 1997.<\/p>\n<p>Il avait retrouv\u00e9 le cabinet civil en 2010, comme pour se rapprocher, une nouvelle fois, de son \u00e9ternel patron.<\/p>\n<div class=\"about-author about-author-box container-wrapper\">\n<div class=\"author-avatar\">\n<p><img decoding=\"async\" src=\"http:\/\/\" alt=\"\"\/><\/p>\n<\/div>\n<p><h4>La R\u00e9daction EcoMatin<\/h4>\n<\/p>\n<\/div>\n<div class=\"awac-wrapper awac widget blog_subscription-2\">\n<h4 class=\"widget-title\">Abonnez-vous \u00e0 notre lettre d&rsquo;information<\/h4>\n<\/div>\n<p>Auteur: EcoMatin<br \/>\n<a href=\"https:\/\/ecomatin.net\/necrologie-martin-belinga-eboutou-est-decede\/\">Cliquez ici pour lire l&rsquo;article depuis sa source.<\/a><\/p>\n","protected":false},"excerpt":{"rendered":"<p>Par voie de communiqu\u00e9 parvenu \u00e0 notre r\u00e9daction, l\u2019actuel ministre directeur du Cabinet civil, Samuel Mvondo Ayolo a annonc\u00e9 le d\u00e9c\u00e8s de Martin Belinga Eboutou. L\u2019ancien directeur du Cabinet civil de la pr\u00e9sidence de la R\u00e9publique est d\u00e9c\u00e9d\u00e9 ce\u00a0mercredi 08 mai 2019, \u00e0 Gen\u00e8ve en Suisse, des suites d\u2019une longue maladie. Martin Belinga Eboutou \u00e9tait [&hellip;]<\/p>\n","protected":false},"author":1969,"featured_media":0,"comment_status":"closed","ping_status":"closed","sticky":false,"template":"","format":"standard","meta":{"fifu_image_url":"","fifu_image_alt":"","footnotes":""},"categories":[82,78],"tags":[],"class_list":["post-33110","post","type-post","status-publish","format-standard","hentry","category-cameroun","category-economie"],"_links":{"self":[{"href":"https:\/\/linitiative.ca\/International\/wp-json\/wp\/v2\/posts\/33110","targetHints":{"allow":["GET"]}}],"collection":[{"href":"https:\/\/linitiative.ca\/International\/wp-json\/wp\/v2\/posts"}],"about":[{"href":"https:\/\/linitiative.ca\/International\/wp-json\/wp\/v2\/types\/post"}],"author":[{"embeddable":true,"href":"https:\/\/linitiative.ca\/International\/wp-json\/wp\/v2\/users\/1969"}],"replies":[{"embeddable":true,"href":"https:\/\/linitiative.ca\/International\/wp-json\/wp\/v2\/comments?post=33110"}],"version-history":[{"count":0,"href":"https:\/\/linitiative.ca\/International\/wp-json\/wp\/v2\/posts\/33110\/revisions"}],"wp:attachment":[{"href":"https:\/\/linitiative.ca\/International\/wp-json\/wp\/v2\/media?parent=33110"}],"wp:term":[{"taxonomy":"category","embeddable":true,"href":"https:\/\/linitiative.ca\/International\/wp-json\/wp\/v2\/categories?post=33110"},{"taxonomy":"post_tag","embeddable":true,"href":"https:\/\/linitiative.ca\/International\/wp-json\/wp\/v2\/tags?post=33110"}],"curies":[{"name":"wp","href":"https:\/\/api.w.org\/{rel}","templated":true}]}}