{"id":33111,"date":"2019-05-09T07:50:05","date_gmt":"2019-05-09T11:50:05","guid":{"rendered":"https:\/\/linitiative.ca\/International\/nucleaire-lue-rejette-lultimatum-de-teheran-et-veut-eviter-lescalade\/"},"modified":"2019-05-09T07:50:05","modified_gmt":"2019-05-09T11:50:05","slug":"nucleaire-lue-rejette-lultimatum-de-teheran-et-veut-eviter-lescalade","status":"publish","type":"post","link":"https:\/\/linitiative.ca\/International\/nucleaire-lue-rejette-lultimatum-de-teheran-et-veut-eviter-lescalade\/","title":{"rendered":"Nucl\u00e9aire: l\u2019UE rejette \u00ab\u00a0l\u2019ultimatum\u00a0\u00bb de T\u00e9h\u00e9ran et veut \u00e9viter \u00ab\u00a0l\u2019escalade\u00a0\u00bb"},"content":{"rendered":"<p>Les Europ\u00e9ens ont rejet\u00e9 jeudi l&rsquo;\u00a0\u00bbultimatum\u00a0\u00bb de T\u00e9h\u00e9ran sur son programme nucl\u00e9aire, tout en r\u00e9affirmant leur espoir de sauver l\u2019accord international de 2015 et d\u2019\u00e9viter que les pressions des Etats-Unis de Donald Trump ne provoquent une \u00ab\u00a0escalade\u00a0\u00bb sans retour.<\/p>\n<p>Le dossier iranien s\u2019est invit\u00e9 \u00e0 un sommet sur l\u2019avenir de l\u2019UE post-Brexit, r\u00e9uni \u00e0 Sibiu en Roumanie. Il fournit un cas pratique \u00e9pineux aux Europ\u00e9ens, qui avaient pr\u00e9vu d\u2019y d\u00e9battre, sans la Premi\u00e8re ministre britannique Theresa May, de leur r\u00f4le sur la sc\u00e8ne mondiale.<\/p>\n<p>\u00ab\u00a0Nous rejetons tout ultimatum et nous \u00e9valuerons le respect par l\u2019Iran de ses engagements en mati\u00e8re nucl\u00e9aire\u00a0\u00bb, ont pr\u00e9venu dans un communiqu\u00e9 commun, avant le d\u00e9but de la rencontre, les pays europ\u00e9ens impliqu\u00e9s dans le dossier (Allemagne, France et Royaume-Uni), ainsi que la cheffe de la diplomatie europ\u00e9enne Federica Mogherini.<\/p>\n<p>La veille, l\u2019Iran leur avait donn\u00e9 deux mois pour sortir r\u00e9ellement les secteurs p\u00e9trolier et bancaire iraniens de leur isolement provoqu\u00e9 par les sanctions am\u00e9ricaines, faute de quoi la R\u00e9publique islamique renoncerait \u00e0 des engagements pris dans l\u2019accord international de 2015.<\/p>\n<p>Dans un climat de tension exacerb\u00e9e avec les Etats-Unis, T\u00e9h\u00e9ran a d\u00e9j\u00e0 d\u00e9cid\u00e9 mercredi de s\u2019affranchir de deux des engagements de cet accord qui limite drastiquement le programme nucl\u00e9aire iranien pour emp\u00eacher l\u2019Iran de se doter de la bombe atomique et dont le pr\u00e9sident am\u00e9ricain Donald Trump a claqu\u00e9 la porte il y a un an.<\/p>\n<p>L\u2019Iran a ainsi fait savoir qu\u2019il cessait de limiter ses r\u00e9serves d\u2019eau lourde et d\u2019uranium enrichi, revenant sur des restrictions consenties par l\u2019accord conclu \u00e0 Vienne en juillet 2015. Les Europ\u00e9ens ont exprim\u00e9 jeudi leur \u00ab\u00a0vive pr\u00e9occupation\u00a0\u00bb apr\u00e8s ces d\u00e9cisions.<\/p>\n<p>\u2013 \u00ab\u00a0Pas d\u2019escalade\u00a0\u00bb \u2013<\/p>\n<p>\u00ab\u00a0Nous demeurons pleinement attach\u00e9s \u00e0 la pr\u00e9servation et \u00e0 la mise en \u0153uvre int\u00e9grale de l\u2019accord sur le nucl\u00e9aire, une r\u00e9alisation essentielle dans l\u2019architecture mondiale de non-prolif\u00e9ration nucl\u00e9aire, qui est dans l\u2019int\u00e9r\u00eat de la s\u00e9curit\u00e9 de tous\u00a0\u00bb, ont-ils soulign\u00e9.<\/p>\n<p>S\u2019ils ont rejet\u00e9 les menaces iraniennes, les Europ\u00e9ens ont toutefois r\u00e9affirm\u00e9 leurs \u00ab\u00a0engagements fermes\u00a0\u00bb pour \u00ab\u00a0la lev\u00e9e des sanctions au profit du peuple iranien\u00a0\u00bb. Et ils ont d\u00e9plor\u00e9 \u00ab\u00a0que les \u00c9tats-Unis aient \u00e0 nouveau impos\u00e9 des sanctions apr\u00e8s leur retrait de l\u2019accord\u00a0\u00bb en 2018.<\/p>\n<p>Washington a en effet encore durci mercredi ses sanctions \u00e9conomiques contre l\u2019Iran, en ajoutant l\u2019acier, le fer, l\u2019aluminium et le cuivre aux secteurs vis\u00e9s par des mesures punitives.<\/p>\n<p>Les trois pays et l\u2019UE se disent malgr\u00e9 ce regain de tension \u00ab\u00a0d\u00e9termin\u00e9s \u00e0 poursuivre (leurs) efforts pour permettre la poursuite du commerce l\u00e9gitime avec l\u2019Iran\u00a0\u00bb, en particulier via le syst\u00e8me de troc, dit de l\u2019Instex, mis sur pied par Paris, Berlin et Londres fin janvier.<\/p>\n<p><ins data-revive-zoneid=\"9\" data-revive-id=\"10111e19d28d19d031742ee3b0b33eb0\"\/> <\/p>\n<p>\u00ab\u00a0C\u2019est \u00e0 nous de travailler pour convaincre les uns et les autres, et aussi l\u2019Iran, de rester\u00a0\u00bb dans l\u2019accord nucl\u00e9aire, a insist\u00e9 le pr\u00e9sident fran\u00e7ais Emmanuel Macron \u00e0 son arriv\u00e9e \u00e0 Sibiu. \u00ab\u00a0Il ne faut pas tomber dans la f\u00e9brilit\u00e9, il ne faut pas tomber dans l\u2019escalade, il faut que l\u2019on veille \u00e0 notre s\u00e9curit\u00e9 collective\u00a0\u00bb, a-t-il ajout\u00e9.<\/p>\n<p>\u2013 Sommet sans Brexit \u2013<\/p>\n<p>Le dossier iranien risque d\u2019occulter les autres d\u00e9bats que les Europ\u00e9ens auront dans la petite ville de Transylvanie.<\/p>\n<p>Les dirigeants des 27 ont pr\u00e9vu d\u2019y afficher une image d\u2019unit\u00e9 au cours de ce sommet consacr\u00e9 \u00e0 l\u2019avenir post-Brexit de l\u2019Europe, o\u00f9 il devraient aussi ouvrir la course aux postes cl\u00e9s des institutions de l\u2019UE.<\/p>\n<p>R\u00e9unis sans Theresa May, ils ont convenu d\u2019\u00e9viter de parler du Brexit, qui a domin\u00e9 bon nombre de leurs derni\u00e8res rencontres. Et de plancher sur leur \u00ab\u00a0agenda strat\u00e9gique\u00a0\u00bb interne des cinq prochaines ann\u00e9es.<\/p>\n<p>\u00ab\u00a0C\u2019est un sommet sans Brexit et tout le monde en est soulag\u00e9\u00a0\u00bb, a soulign\u00e9 un haut responsable europ\u00e9en, m\u00eame si la date limite du divorce avec les Britanniques, pr\u00e9vu initialement pour le 29 mars, a une nouvelle fois \u00e9t\u00e9 repouss\u00e9e, cette fois au 31 octobre.<\/p>\n<p>La date choisie du 9 mai correspond \u00e0 l\u2019anniversaire de la d\u00e9claration prononc\u00e9e par le Fran\u00e7ais Robert Schuman en 1950, o\u00f9 il proposa la cr\u00e9ation d\u2019une Communaut\u00e9 europ\u00e9enne du charbon et de l\u2019acier (CECA), l\u2019anc\u00eatre de l\u2019UE.<\/p>\n<p>A Sibiu, les 27 devraient se contenter plus modestement d\u2019approuver dans une courte d\u00e9claration \u00ab\u00a010 engagements\u00a0\u00bb, dont la promesse de d\u00e9fendre une Europe unie, \u00ab\u00a0de l\u2019Est \u00e0 l\u2019Ouest, du Nord au Sud\u00a0\u00bb, dont les membres seront toujours \u00ab\u00a0solidaires entre eux en cas de besoin\u00a0\u00bb.<\/p>\n<p>Le sommet devrait aussi permettre de poser les premiers jalons de la course aux pr\u00e9sidences des grandes institutions europ\u00e9ennes, qui va commencer avec celle du Parlement europ\u00e9en \u00e0 l\u2019issue des \u00e9lections pr\u00e9vues du 23 au 26 mai.<\/p>\n<p>C\u2019est surtout la succession du pr\u00e9sident de la Commission europ\u00e9enne, Jean-Claude Juncker, dont le mandat s\u2019ach\u00e8ve fin octobre, qui occupe les esprits.<\/p>\n<p>Auteur: AFP<br \/>\n<a href=\"https:\/\/www.journalducameroun.com\/fr\/nucleaire-lue-rejette-lultimatum-de-teheran-et-veut-eviter-lescalade\/\">Cliquez ici pour lire l&rsquo;article depuis sa source.<\/a><\/p>\n","protected":false},"excerpt":{"rendered":"<p>Les Europ\u00e9ens ont rejet\u00e9 jeudi l&rsquo;\u00a0\u00bbultimatum\u00a0\u00bb de T\u00e9h\u00e9ran sur son programme nucl\u00e9aire, tout en r\u00e9affirmant leur espoir de sauver l\u2019accord international de 2015 et d\u2019\u00e9viter que les pressions des Etats-Unis de Donald Trump ne provoquent une \u00ab\u00a0escalade\u00a0\u00bb sans retour. Le dossier iranien s\u2019est invit\u00e9 \u00e0 un sommet sur l\u2019avenir de l\u2019UE post-Brexit, r\u00e9uni \u00e0 Sibiu [&hellip;]<\/p>\n","protected":false},"author":1965,"featured_media":0,"comment_status":"closed","ping_status":"closed","sticky":false,"template":"","format":"standard","meta":{"fifu_image_url":"","fifu_image_alt":"","footnotes":""},"categories":[73,82],"tags":[],"class_list":["post-33111","post","type-post","status-publish","format-standard","hentry","category-actualite","category-cameroun"],"_links":{"self":[{"href":"https:\/\/linitiative.ca\/International\/wp-json\/wp\/v2\/posts\/33111","targetHints":{"allow":["GET"]}}],"collection":[{"href":"https:\/\/linitiative.ca\/International\/wp-json\/wp\/v2\/posts"}],"about":[{"href":"https:\/\/linitiative.ca\/International\/wp-json\/wp\/v2\/types\/post"}],"author":[{"embeddable":true,"href":"https:\/\/linitiative.ca\/International\/wp-json\/wp\/v2\/users\/1965"}],"replies":[{"embeddable":true,"href":"https:\/\/linitiative.ca\/International\/wp-json\/wp\/v2\/comments?post=33111"}],"version-history":[{"count":0,"href":"https:\/\/linitiative.ca\/International\/wp-json\/wp\/v2\/posts\/33111\/revisions"}],"wp:attachment":[{"href":"https:\/\/linitiative.ca\/International\/wp-json\/wp\/v2\/media?parent=33111"}],"wp:term":[{"taxonomy":"category","embeddable":true,"href":"https:\/\/linitiative.ca\/International\/wp-json\/wp\/v2\/categories?post=33111"},{"taxonomy":"post_tag","embeddable":true,"href":"https:\/\/linitiative.ca\/International\/wp-json\/wp\/v2\/tags?post=33111"}],"curies":[{"name":"wp","href":"https:\/\/api.w.org\/{rel}","templated":true}]}}