{"id":33114,"date":"2019-05-09T07:50:06","date_gmt":"2019-05-09T11:50:06","guid":{"rendered":"https:\/\/linitiative.ca\/International\/le-pakistan-reste-silencieux-apres-le-depart-dasia-bibi-pour-le-canada\/"},"modified":"2019-05-09T07:50:06","modified_gmt":"2019-05-09T11:50:06","slug":"le-pakistan-reste-silencieux-apres-le-depart-dasia-bibi-pour-le-canada","status":"publish","type":"post","link":"https:\/\/linitiative.ca\/International\/le-pakistan-reste-silencieux-apres-le-depart-dasia-bibi-pour-le-canada\/","title":{"rendered":"Le Pakistan reste silencieux apr\u00e8s le d\u00e9part d\u2019Asia Bibi pour le Canada"},"content":{"rendered":"<div readability=\"32\">\n<p>Publi\u00e9 le 09.05.2019 \u00e0 12h50 par AFP<\/p>\n<\/div>\n<div readability=\"126\">\n<p>Apr\u00e8s 10 ans de troubles politiques, d\u2019assassinats et de manifestations violentes, le Pakistan a accueilli le d\u00e9part d\u2019Asia Bibi dans le calme, le pays semblant chercher \u00e0 clore ce chapitre loin du tumulte que l\u2019affaire a provoqu\u00e9.<\/p>\n<p>Une source canadienne a confirm\u00e9 mercredi \u00e0 l\u2019AFP que la chr\u00e9tienne condamn\u00e9e \u00e0 mort pour blasph\u00e8me, puis acquitt\u00e9e, \u00e9tait bien arriv\u00e9e dans le pays. Elle a pu y retrouver sa famille apr\u00e8s des mois pass\u00e9s en d\u00e9tention pr\u00e9ventive au Pakistan.<\/p>\n<p>Ottawa a cependant refus\u00e9 de se prononcer officiellement sur la question.<\/p>\n<p>Au Pakistan, le gouvernement du Premier ministre Imran Khan n\u2019a fait aucun commentaire sur son d\u00e9part, qui a pourtant fait la Une de la presse internationale mercredi.<\/p>\n<p>Un porte-parole du minist\u00e8re des Affaires \u00e9trang\u00e8res l\u2019a finalement confirm\u00e9 jeudi \u00e0 l\u2019occasion d\u2019un point de presse r\u00e9gulier.<\/p>\n<p>\u00ab\u00a0Asia Bibi a quitt\u00e9 le pays. C\u2019est une citoyenne libre et elle a quitt\u00e9 le pays de son plein gr\u00e9\u00a0\u00bb, a d\u00e9clar\u00e9 Mohammad Faisal aux journalistes, refusant de livrer plus de d\u00e9tails.<\/p>\n<p>La plupart des journaux au Pakistan n\u2019ont consacr\u00e9 que quelques lignes \u00e0 l\u2019information.<\/p>\n<p>Les \u00e9missions t\u00e9l\u00e9vis\u00e9es diffus\u00e9es aux heures de grande \u00e9coute ne se sont pas \u00e9panch\u00e9es sur le sujet, donnant la priorit\u00e9 \u00e0 un attentat-suicide dans la ville de Lahore et \u00e0 la cuisine politique locale.<\/p>\n<p>Ce silence entre en contraste frappant avec les violentes manifestations soulev\u00e9es contre Asia Bibi ces derni\u00e8res ann\u00e9es, notamment en octobre dernier lorsque la Cour supr\u00eame avait annul\u00e9 sa condamnation \u00e0 mort.<\/p>\n<p>Les islamistes \u00e9taient alors descendus dans la rue pour appeler l\u2019arm\u00e9e \u00e0 la mutinerie et \u00e0 l\u2019assassinat des principaux juges.<\/p>\n<p>\u00ab\u00a0Il est clair que le gouvernement veut \u00e9viter des r\u00e9actions violentes\u00a0\u00bb, a d\u00e9clar\u00e9 \u00e0 l\u2019AFP le directeur adjoint du programme Asie du Sud pour Amnesty International, Omar Waraich.<\/p>\n<p><ins data-revive-zoneid=\"9\" data-revive-id=\"10111e19d28d19d031742ee3b0b33eb0\"\/> <\/p>\n<p>\u00ab\u00a0Il craint d\u2019\u00eatre accus\u00e9 de participer \u00e0 ce que certains tenants de la ligne dure appellent une +conspiration occidentale contre l\u2019islam+ qui chercherait \u00e0 punir ceux qui d\u00e9fendent le Proph\u00e8te et \u00e0 prot\u00e9ger ceux qui sont accus\u00e9s de l\u2019insulter\u00a0\u00bb.<\/p>\n<p>\u2013 \u00ab\u00a0Elle est sauv\u00e9e\u00a0\u00bb \u2013<\/p>\n<p>Asia Bibi avait \u00e9t\u00e9 condamn\u00e9e \u00e0 mort pour avoir commis un blasph\u00e8me, qu\u2019elle a toujours ni\u00e9, lors d\u2019une altercation avec d\u2019autres ouvriers en 2009.<\/p>\n<p>Un de ses d\u00e9fenseurs, l\u2019ex-gouverneur de la province pakistanaise du Pendjab, Salman Taseer, un des rares politiciens du pays \u00e0 oser critiquer ouvertement l\u2019islamisme, avait \u00e9t\u00e9 assassin\u00e9 en 2011 par un de ses propres gardes du corps, qui l\u2019avait cribl\u00e9 de 29 balles \u00e0 Islamabad.<\/p>\n<p>Son assassinat a \u00e9t\u00e9 suivi la m\u00eame ann\u00e9e par celui du ministre des affaires des minorit\u00e9s, Shahbaz Bhatti, un chr\u00e9tien qui s\u2019\u00e9tait \u00e9galement battu pour Asia Bibi.<\/p>\n<p>Ces ann\u00e9es ont mis en \u00e9vidence combien l\u2019extr\u00e9misme religieux influence de larges pans de la soci\u00e9t\u00e9 pakistanaise, et comment les lois sur le blasph\u00e8me sont instrumentalis\u00e9es par les islamistes.<\/p>\n<p>Le blasph\u00e8me continue d\u2019\u00eatre une question br\u00fblante au Pakistan, o\u00f9 m\u00eame des all\u00e9gations non prouv\u00e9es d\u2019insulte \u00e0 l\u2019islam peuvent entra\u00eener assassinats et lynchages.<\/p>\n<p>Les chr\u00e9tiens ont accueilli la nouvelle du d\u00e9part d\u2019Asia Bibi avec soulagement, heureux qu\u2019elle soit libre loin du Pakistan.<\/p>\n<p>\u00ab\u00a0C\u2019\u00e9tait un probl\u00e8me pour elle de vivre ici. Il est \u00e9vident qu\u2019elle aurait pu \u00eatre tu\u00e9e par quelqu\u2019un. Nous pensons qu\u2019il est bon qu\u2019elle ait pu partir\u00a0\u00bb, a d\u00e9clar\u00e9 Fayyaz Bhatti, un chr\u00e9tien pakistanais d\u2019Islamabad.<\/p>\n<p>\u00ab\u00a0Maintenant elle est sauv\u00e9e\u00a0\u00bb, dit-il, \u00ab\u00a0elle peut enfin retrouver ses enfants\u00a0\u00bb.<\/p>\n<\/div>\n<p>Auteur: AFP<br \/>\n<a href=\"https:\/\/www.journalducameroun.com\/fr\/le-pakistan-reste-silencieux-apres-le-depart-dasia-bibi-pour-le-canada\/\">Cliquez ici pour lire l&rsquo;article depuis sa source.<\/a><\/p>\n","protected":false},"excerpt":{"rendered":"<p>Publi\u00e9 le 09.05.2019 \u00e0 12h50 par AFP Apr\u00e8s 10 ans de troubles politiques, d\u2019assassinats et de manifestations violentes, le Pakistan a accueilli le d\u00e9part d\u2019Asia Bibi dans le calme, le pays semblant chercher \u00e0 clore ce chapitre loin du tumulte que l\u2019affaire a provoqu\u00e9. Une source canadienne a confirm\u00e9 mercredi \u00e0 l\u2019AFP que la chr\u00e9tienne [&hellip;]<\/p>\n","protected":false},"author":1965,"featured_media":0,"comment_status":"closed","ping_status":"closed","sticky":false,"template":"","format":"standard","meta":{"fifu_image_url":"","fifu_image_alt":"","footnotes":""},"categories":[73,82],"tags":[],"class_list":["post-33114","post","type-post","status-publish","format-standard","hentry","category-actualite","category-cameroun"],"_links":{"self":[{"href":"https:\/\/linitiative.ca\/International\/wp-json\/wp\/v2\/posts\/33114","targetHints":{"allow":["GET"]}}],"collection":[{"href":"https:\/\/linitiative.ca\/International\/wp-json\/wp\/v2\/posts"}],"about":[{"href":"https:\/\/linitiative.ca\/International\/wp-json\/wp\/v2\/types\/post"}],"author":[{"embeddable":true,"href":"https:\/\/linitiative.ca\/International\/wp-json\/wp\/v2\/users\/1965"}],"replies":[{"embeddable":true,"href":"https:\/\/linitiative.ca\/International\/wp-json\/wp\/v2\/comments?post=33114"}],"version-history":[{"count":0,"href":"https:\/\/linitiative.ca\/International\/wp-json\/wp\/v2\/posts\/33114\/revisions"}],"wp:attachment":[{"href":"https:\/\/linitiative.ca\/International\/wp-json\/wp\/v2\/media?parent=33114"}],"wp:term":[{"taxonomy":"category","embeddable":true,"href":"https:\/\/linitiative.ca\/International\/wp-json\/wp\/v2\/categories?post=33114"},{"taxonomy":"post_tag","embeddable":true,"href":"https:\/\/linitiative.ca\/International\/wp-json\/wp\/v2\/tags?post=33114"}],"curies":[{"name":"wp","href":"https:\/\/api.w.org\/{rel}","templated":true}]}}