{"id":33116,"date":"2019-05-09T03:39:56","date_gmt":"2019-05-09T07:39:56","guid":{"rendered":"https:\/\/linitiative.ca\/International\/tradex-s-a-record-de-vente-pour-la-station-de-bastos\/"},"modified":"2019-05-09T03:39:56","modified_gmt":"2019-05-09T07:39:56","slug":"tradex-s-a-record-de-vente-pour-la-station-de-bastos","status":"publish","type":"post","link":"https:\/\/linitiative.ca\/International\/tradex-s-a-record-de-vente-pour-la-station-de-bastos\/","title":{"rendered":"Tradex S.A:  record de vente pour la station de Bastos"},"content":{"rendered":"<div class=\"featured-area featured-area-inner\"><img loading=\"lazy\" decoding=\"async\" width=\"400\" height=\"300\" src=\"https:\/\/i0.wp.com\/ecomatin.net\/wp-content\/uploads\/2019\/05\/ecomatin.net-tradex-s-a-record-de-vente-pour-la-station-de-bastos-tradex-2019.jpg?resize=400%2C300&#038;ssl=1&#038;is-pending-load=1\" class=\"attachment-jannah-image-post size-jannah-image-post wp-post-image jetpack-lazy-image\" alt=\"\" data-attachment-id=\"7971\" data-permalink=\"https:\/\/ecomatin.net\/tradex-s-a-record-de-vente-pour-la-station-de-bastos\/tradex-2019\/\" data-orig-file=\"https:\/\/i0.wp.com\/ecomatin.net\/wp-content\/uploads\/2019\/05\/ecomatin.net-tradex-s-a-record-de-vente-pour-la-station-de-bastos-tradex-2019.jpg?fit=400%2C300&#038;ssl=1\" data-orig-size=\"400,300\" data-comments-opened=\"0\" data-image-meta=\"{\"aperture\":\"0\",\"credit\":\"\",\"camera\":\"\",\"caption\":\"\",\"created_timestamp\":\"0\",\"copyright\":\"\",\"focal_length\":\"0\",\"iso\":\"0\",\"shutter_speed\":\"0\",\"title\":\"\",\"orientation\":\"0\"}\" data-image-title=\"Tradex 2019\" data-image-description=\"\" data-medium-file=\"https:\/\/i0.wp.com\/ecomatin.net\/wp-content\/uploads\/2019\/05\/ecomatin.net-tradex-s-a-record-de-vente-pour-la-station-de-bastos-tradex-2019.jpg?fit=300%2C225&#038;ssl=1\" data-large-file=\"https:\/\/i0.wp.com\/ecomatin.net\/wp-content\/uploads\/2019\/05\/ecomatin.net-tradex-s-a-record-de-vente-pour-la-station-de-bastos-tradex-2019.jpg?fit=400%2C300&#038;ssl=1\" data-lazy-srcset=\"https:\/\/i0.wp.com\/ecomatin.net\/wp-content\/uploads\/2019\/05\/ecomatin.net-tradex-s-a-record-de-vente-pour-la-station-de-bastos-tradex-2019.jpg?w=400&#038;ssl=1 400w, https:\/\/i0.wp.com\/ecomatin.net\/wp-content\/uploads\/2019\/05\/ecomatin.net-tradex-s-a-record-de-vente-pour-la-station-de-bastos-tradex-2019.jpg?resize=300%2C225&#038;ssl=1 300w\" data-lazy-sizes=\"(max-width: 400px) 100vw, 400px\" srcset=\"data:image\/gif;base64,R0lGODlhAQABAIAAAAAAAP\/\/\/yH5BAEAAAAALAAAAAABAAEAAAIBRAA7\"\/><\/div>\n<div class=\"entry-content entry clearfix\" readability=\"59\">\n<p>La centaine d\u2019employ\u00e9s\u00a0 pr\u00e9sente \u00e0 la c\u00e9r\u00e9monie de c\u00e9l\u00e9bration de la 133<sup>\u00e8me<\/sup> f\u00eate internationale du travail n\u2019a pas tari d\u2019\u00e9loges \u00e0 l\u2019endroit de l\u2019entreprise qui les emploie : <strong>Tradex S.A Cameroun<\/strong>: \u00ab\u00a0<em>entreprise solide, propice \u00e0 l\u2019\u00e9panouissement du travailleur, soci\u00e9t\u00e9 o\u00f9 r\u00e8gne un climat de confiance et un dialogue social permanent\u00a0\u00bb<\/em>. <strong>Vincent Ngando<\/strong>, le d\u00e9l\u00e9gu\u00e9 du personnel de cette entreprise sp\u00e9cialis\u00e9e dans la commercialisation des produits des hydrocarbures brandit d\u2019ailleurs fi\u00e8rement quelques acquis sociaux: \u00ab\u00a0<em>programme de gestion de carri\u00e8res effectif, prise d\u2019actions ouvertes aux employ\u00e9s, promotion r\u00e9guli\u00e8re du personnel, augmentation de salaires en avril 2019 avec r\u00e9troactivit\u00e9 en janvier 2019<\/em>\u00a0\u00bb, etc. Ce tableau positif cache pourtant quelques points n\u00e9gatifs: le recul du r\u00e9seau de distribution caus\u00e9 par l\u2019ins\u00e9curit\u00e9 dans les r\u00e9gions du Nord et du Sud-Ouest, la rude concurrence dans le secteur, mais \u00e9galement, l\u2019incivisme orchestr\u00e9 par certains usagers des plateformes Tradex S.A Cameroun.<\/p>\n<p><strong>Jean Perrial Nyodock,<\/strong> le\u00a0 DG de tradex confirme le leadership de l\u2019entreprise dont il a la charge dans le march\u00e9 local et r\u00e9gional: <em>\u00ab le Chiffre d\u2019affaires 2018 d\u00e9gag\u00e9 par notre entreprise fait de celle-ci la plus importante et la plus rentable au Cameroun en Afrique centrale et m\u00eame en Afrique<\/em>\u00a0\u00bb. L\u2019occasion de la c\u00e9l\u00e9bration de la f\u00eate du travail 2019 \u00e9tait coupl\u00e9e \u00e0 une c\u00e9r\u00e9monie de remise de distinctions au personnel m\u00e9ritant de Tradex.<\/p>\n<p>Un prix sp\u00e9cial sera accord\u00e9 \u00e0 la station-service Tradex de <strong>Bastos<\/strong> de Yaound\u00e9, qui a enregistr\u00e9 en 2018, insiste Jean Perrial\u00a0 Nyodock, \u00ab\u00a0<em>des r\u00e9sultats exceptionnels<\/em>\u00ab\u00a0. Cette station-service a en effet fait exploser les pompes Tradex. Ses ventes oscillent en moyenne entre <strong>400 \u00e0 500 mille litres<\/strong> mensuellement. Bastos a battu ce record avec une moyenne d\u2019un million de litres \u00e9coul\u00e9s chaque mois en moyenne. Soit des ventes de 4 \u00e0 5 stations-service normales. Son responsable recevra une enveloppe sp\u00e9ciale de <strong>2.000.000 de Fcfa<\/strong>.<\/p>\n<div class=\"about-author about-author-box container-wrapper\">\n<div class=\"author-avatar\">\n<p><img decoding=\"async\" src=\"http:\/\/\" alt=\"\"\/><\/p>\n<\/div>\n<p><h4>La R\u00e9daction EcoMatin<\/h4>\n<\/p>\n<\/div>\n<div class=\"awac-wrapper awac widget blog_subscription-2\">\n<h4 class=\"widget-title\">Abonnez-vous \u00e0 notre lettre d&rsquo;information<\/h4>\n<\/div>\n<\/div>\n<div class=\"toggle-post-content clearfix\"><a id=\"toggle-post-button\" class=\"button\" href=\"#\">Afficher plus <\/a><\/div>\n<p>Auteur: EcoMatin<br \/>\n<a href=\"https:\/\/ecomatin.net\/tradex-s-a-record-de-vente-pour-la-station-de-bastos\/\">Cliquez ici pour lire l&rsquo;article depuis sa source.<\/a><\/p>\n","protected":false},"excerpt":{"rendered":"<p>La centaine d\u2019employ\u00e9s\u00a0 pr\u00e9sente \u00e0 la c\u00e9r\u00e9monie de c\u00e9l\u00e9bration de la 133\u00e8me f\u00eate internationale du travail n\u2019a pas tari d\u2019\u00e9loges \u00e0 l\u2019endroit de l\u2019entreprise qui les emploie : Tradex S.A Cameroun: \u00ab\u00a0entreprise solide, propice \u00e0 l\u2019\u00e9panouissement du travailleur, soci\u00e9t\u00e9 o\u00f9 r\u00e8gne un climat de confiance et un dialogue social permanent\u00a0\u00bb. Vincent Ngando, le d\u00e9l\u00e9gu\u00e9 du [&hellip;]<\/p>\n","protected":false},"author":1969,"featured_media":0,"comment_status":"closed","ping_status":"closed","sticky":false,"template":"","format":"standard","meta":{"fifu_image_url":"","fifu_image_alt":"","footnotes":""},"categories":[82,78],"tags":[],"class_list":["post-33116","post","type-post","status-publish","format-standard","hentry","category-cameroun","category-economie"],"_links":{"self":[{"href":"https:\/\/linitiative.ca\/International\/wp-json\/wp\/v2\/posts\/33116","targetHints":{"allow":["GET"]}}],"collection":[{"href":"https:\/\/linitiative.ca\/International\/wp-json\/wp\/v2\/posts"}],"about":[{"href":"https:\/\/linitiative.ca\/International\/wp-json\/wp\/v2\/types\/post"}],"author":[{"embeddable":true,"href":"https:\/\/linitiative.ca\/International\/wp-json\/wp\/v2\/users\/1969"}],"replies":[{"embeddable":true,"href":"https:\/\/linitiative.ca\/International\/wp-json\/wp\/v2\/comments?post=33116"}],"version-history":[{"count":0,"href":"https:\/\/linitiative.ca\/International\/wp-json\/wp\/v2\/posts\/33116\/revisions"}],"wp:attachment":[{"href":"https:\/\/linitiative.ca\/International\/wp-json\/wp\/v2\/media?parent=33116"}],"wp:term":[{"taxonomy":"category","embeddable":true,"href":"https:\/\/linitiative.ca\/International\/wp-json\/wp\/v2\/categories?post=33116"},{"taxonomy":"post_tag","embeddable":true,"href":"https:\/\/linitiative.ca\/International\/wp-json\/wp\/v2\/tags?post=33116"}],"curies":[{"name":"wp","href":"https:\/\/api.w.org\/{rel}","templated":true}]}}