{"id":33123,"date":"2019-05-09T03:52:22","date_gmt":"2019-05-09T07:52:22","guid":{"rendered":"https:\/\/linitiative.ca\/International\/valeurs-mobilieres-la-cosumaf-sensibilise-les-acteurs\/"},"modified":"2019-05-09T03:52:22","modified_gmt":"2019-05-09T07:52:22","slug":"valeurs-mobilieres-la-cosumaf-sensibilise-les-acteurs","status":"publish","type":"post","link":"https:\/\/linitiative.ca\/International\/valeurs-mobilieres-la-cosumaf-sensibilise-les-acteurs\/","title":{"rendered":"Valeurs mobili\u00e8res: la Cosumaf sensibilise les acteurs"},"content":{"rendered":"<p>Seulement 11 obligations \u00e9taient cot\u00e9es par la Douala Stock Exchange (<strong>Dsx<\/strong>), la bourse des valeurs mobili\u00e8res du Cameroun et la Bourse des Valeurs mobili\u00e8res d\u2019Afrique centrale (<strong>Bvmac<\/strong>), son alter ego r\u00e9gional. Ce, en 18 ans d\u2019activit\u00e9s pour la Dsx et 15 ans d\u2019op\u00e9rations pour la Bvmac. Un bilan d\u00e9cevant compte tenu du riche et diversifi\u00e9 paysage industriel du Cameroun et de l\u2019Afrique central. Les Chefs d\u2019Etat d\u2019Afrique centrale d\u00e9cideront finalement de lancer le processus d\u2019unification des deux places boursi\u00e8res le 30 octobre 2018. Processus parachev\u00e9 le 1er mars 2019 avec la signature de l\u2019acte d\u2019unification entre la Cosumaf et la Cmf, marquant la fusion des deux r\u00e9gulateurs. Emportant pour cons\u00e9quence, la cr\u00e9ation d\u2019une place boursi\u00e8re unique en Afrique centrale, la Dsx, d\u2019un r\u00e9gulateur r\u00e9gional unique, la Cosumaf et d\u2019un d\u00e9positaire central, la <strong>Beac<\/strong>, la Banque des Etats de l\u2019Afrique centrale. C\u2019est dans ce nouveau cadre que la Commission de surveillance du march\u00e9 financier de l\u2019Afrique centrale (<strong>Cosumaf<\/strong>) a regroup\u00e9 les acteurs du march\u00e9 financier de la sous-r\u00e9gion autour d\u2019un \u00ab\u00a0<em>atelier d\u2019information et de promotion du march\u00e9 financier unifi\u00e9<\/em>\u00a0\u00bb, pr\u00e9sid\u00e9 par <a href=\"https:\/\/ecomatin.net\/nagoum-yamassoum-le-president-prend-ses-fonctions-a-la-nouvelle-cosumaf\/\"><strong>Nagoum Yamassoum<\/strong><\/a>, le pr\u00e9sident de la Cosumaf.<\/p>\n<p>Deux mois apr\u00e8s l\u2019acte fusionnel Cmf\/Cosumaf, le r\u00e9gulateur unique \u00e9tait face aux Psi, banquiers et chefs d\u2019entreprises avec pour objectif, d\u2019apr\u00e8s <strong>Jean Claude Mgbwa,<\/strong> le pr\u00e9sident de la Cmf, \u00ab\u00a0<em>vulgariser et pr\u00e9senter le nouvel organisme r\u00e9gulateur aux acteurs du march\u00e9 financier r\u00e9gional<\/em>\u00a0\u00bb. Le premier sous-th\u00e8me portant sur \u00ab\u00a0<em>le passage d\u2019une r\u00e9gulation nationale \u00e0 une r\u00e9gulation communautaire\u00a0<\/em>\u00bb fixera les diff\u00e9rents acteurs sur le processus d\u2019harmonisation des places financi\u00e8res en cours. C\u2019est ainsi <strong>qu\u2019Abbas Mahamat Tolli<\/strong>, le Gouverneur de la Banque des Etats de l\u2019Afrique centrale (Beac) exposera sur \u00ab\u00a0<strong>la fusion du march\u00e9 financier de l\u2019Afrique centrale : une nouvelle architecture institutionnelle et principales avanc\u00e9es<\/strong>\u00a0\u00bb. Jean Claude Mgbwa, le pr\u00e9sident de la Cmf sur \u00ab\u00a0<em>la fin des activit\u00e9s du r\u00e9gulateur national, la Cmf<\/em>\u00a0\u00bb. Et <strong>Simplot Kwenda<\/strong>, expert-comptable, dressera \u00ab\u00a0<em>un diagnostic du march\u00e9 financier<\/em>\u00a0\u00bb. Le sous-th\u00e8me 2 sur \u00ab\u00a0<em>la nouvelle r\u00e9gulation r\u00e9gionale unique<\/em>\u00a0\u00bb \u00e9difiera davantage les participants \u00e0 ce s\u00e9minaire \u00a0sur \u00ab\u00a0<em>le projet de r\u00e9forme r\u00e9glementaire et tarification des op\u00e9rations\u00a0<\/em>\u00bb, pr\u00e9sent\u00e9 par <strong>Didier Loukakou<\/strong>, le directeur des affaires financier de la Cosumaf, \u00ab\u00a0<em>quelle supervision pour les organismes de march\u00e9 et les acteurs<\/em>\u00a0\u00bb, par Jean <strong>Claude Mbilla<\/strong>, le directeur des \u00e9metteurs de la Cosumaf, et \u00ab\u00a0<em>quelle prise en charge des \u00e9metteurs et la surveillance des op\u00e9rations\u00a0<\/em>\u00bb par <strong>Leounda Ognana<\/strong>, le directeur des \u00e9metteurs de la Cosumaf. Dans le m\u00eame sous-th\u00e8me <strong>Daniel Keuffi<\/strong>, le directeur de la gestion d\u2019actifs \u00e0 la Cosumaf, <strong>Danielle Bunduku-Latha<\/strong>, le secr\u00e9taire g\u00e9n\u00e9ral de la Cosumaf <strong>et Serges Yanic Nana<\/strong>, le directeur g\u00e9n\u00e9ral de <strong>Financia Capital<\/strong> exposeront successivement sur les sujets portant respectivement sur \u00ab\u00a0<em>La gestion des actifs: produits d\u2019OPCVM et de gestion des actifs\u00a0\u00bb, \u00ab\u00a0Dynamisation et d\u00e9veloppement du march\u00e9 financier\u00a0\u00bb, et \u00ab\u00a0 Association professionnelle des interm\u00e9diaires agr\u00e9\u00e9s: cas de l\u2019APPSI\u00a0<\/em>\u00bb.<\/p>\n<p><span class=\"c2\"><strong>Investisseurs qualifi\u00e9s<\/strong><\/span><\/p>\n<p>D\u2019abord ouvert aux acteurs du march\u00e9 financier et interm\u00e9diaires agr\u00e9\u00e9s, puis \u00e0 toute la place financi\u00e8re r\u00e9gionale,\u00a0 le 1<sup>er<\/sup> sous-th\u00e8me a d\u00e9bouch\u00e9 sur quelques r\u00e9v\u00e9lations sur le nouveau cadre unique du march\u00e9 financier en gestation. On apprendra par exemple de Serge Yanic Nana que \u00ab\u00a0<strong><em>2000 milliards de Fcfa<\/em><\/strong><em>, pas encore mis en valeur, doivent \u00eatre capt\u00e9s sur le march\u00e9 unifi\u00e9<\/em>\u00a0\u00bb. Sur les placements priv\u00e9s, on apprendra <strong>d\u2019Alex Leounda Ognana<\/strong> que le montant requis doit \u00eatre sup\u00e9rieur ou \u00e9gal \u00e0 <strong>10 milliards de Fcfa<\/strong>. Le montant de chaque titre, de <strong>50 millions de Fcfa<\/strong>. Le nombre d\u2019investisseurs qualifi\u00e9s, sup\u00e9rieur ou \u00e9gal \u00e0 10\u2033. Le 2<sup>\u00e8me<\/sup> sous-th\u00e8me \u00a0\u00e0 l\u2019intention de toute la place financi\u00e8re sera l\u2019occasion pour <strong>Samuel Roger Mbassa<\/strong>, un banquier d\u2019affaires d\u2019exposer sur \u00ab\u00a0<em>le financement de la croissance par le recours au march\u00e9 financier<\/em>\u00a0\u00bb, etc.<\/p>\n<div class=\"about-author about-author-box container-wrapper\">\n<div class=\"author-avatar\">\n<p><img decoding=\"async\" src=\"http:\/\/\" alt=\"\"\/><\/p>\n<\/div>\n<p><h4>La R\u00e9daction EcoMatin<\/h4>\n<\/p>\n<\/div>\n<div class=\"awac-wrapper awac widget blog_subscription-2\">\n<h4 class=\"widget-title\">Abonnez-vous \u00e0 notre lettre d&rsquo;information<\/h4>\n<\/div>\n<p>Auteur: EcoMatin<br \/>\n<a href=\"https:\/\/ecomatin.net\/valeurs-mobilieres-la-cosumaf-sensibilise-les-acteurs\/\">Cliquez ici pour lire l&rsquo;article depuis sa source.<\/a><\/p>\n","protected":false},"excerpt":{"rendered":"<p>Seulement 11 obligations \u00e9taient cot\u00e9es par la Douala Stock Exchange (Dsx), la bourse des valeurs mobili\u00e8res du Cameroun et la Bourse des Valeurs mobili\u00e8res d\u2019Afrique centrale (Bvmac), son alter ego r\u00e9gional. Ce, en 18 ans d\u2019activit\u00e9s pour la Dsx et 15 ans d\u2019op\u00e9rations pour la Bvmac. Un bilan d\u00e9cevant compte tenu du riche et diversifi\u00e9 [&hellip;]<\/p>\n","protected":false},"author":1969,"featured_media":0,"comment_status":"closed","ping_status":"closed","sticky":false,"template":"","format":"standard","meta":{"fifu_image_url":"","fifu_image_alt":"","footnotes":""},"categories":[82,78],"tags":[],"class_list":["post-33123","post","type-post","status-publish","format-standard","hentry","category-cameroun","category-economie"],"_links":{"self":[{"href":"https:\/\/linitiative.ca\/International\/wp-json\/wp\/v2\/posts\/33123","targetHints":{"allow":["GET"]}}],"collection":[{"href":"https:\/\/linitiative.ca\/International\/wp-json\/wp\/v2\/posts"}],"about":[{"href":"https:\/\/linitiative.ca\/International\/wp-json\/wp\/v2\/types\/post"}],"author":[{"embeddable":true,"href":"https:\/\/linitiative.ca\/International\/wp-json\/wp\/v2\/users\/1969"}],"replies":[{"embeddable":true,"href":"https:\/\/linitiative.ca\/International\/wp-json\/wp\/v2\/comments?post=33123"}],"version-history":[{"count":0,"href":"https:\/\/linitiative.ca\/International\/wp-json\/wp\/v2\/posts\/33123\/revisions"}],"wp:attachment":[{"href":"https:\/\/linitiative.ca\/International\/wp-json\/wp\/v2\/media?parent=33123"}],"wp:term":[{"taxonomy":"category","embeddable":true,"href":"https:\/\/linitiative.ca\/International\/wp-json\/wp\/v2\/categories?post=33123"},{"taxonomy":"post_tag","embeddable":true,"href":"https:\/\/linitiative.ca\/International\/wp-json\/wp\/v2\/tags?post=33123"}],"curies":[{"name":"wp","href":"https:\/\/api.w.org\/{rel}","templated":true}]}}