{"id":33125,"date":"2019-05-08T19:44:24","date_gmt":"2019-05-08T23:44:24","guid":{"rendered":"https:\/\/linitiative.ca\/International\/aeroport-oujda-angad-plus-de-120-000-passagers-a-fin-mars\/"},"modified":"2019-05-08T19:44:24","modified_gmt":"2019-05-08T23:44:24","slug":"aeroport-oujda-angad-plus-de-120-000-passagers-a-fin-mars","status":"publish","type":"post","link":"https:\/\/linitiative.ca\/International\/aeroport-oujda-angad-plus-de-120-000-passagers-a-fin-mars\/","title":{"rendered":"A\u00e9roport Oujda-Angad: Plus de 120.000 passagers \u00e0 fin mars"},"content":{"rendered":"<div class=\"single-featured\"><img alt=\"\" data-src=\"http:\/\/www.mapoujda.ma\/map\/uploads\/2019\/05\/A\u00e9roport-Oujda-Angad.jpg\"\/><\/div>\n<div class=\"single-post-excerpt post-excerpt-bc\" readability=\"36\">\n<p>Le nombre de passagers qui ont transit\u00e9 via l\u2019a\u00e9roport Oujda-Angad durant les trois premiers mois de cette ann\u00e9e s\u2019est \u00e9tabli \u00e0 120.724, en progression de 2,81% par rapport \u00e0 la m\u00eame p\u00e9riode de l\u2019ann\u00e9e 2018.<\/p>\n<\/div>\n<div class=\"entry-content clearfix single-post-content\" readability=\"66\">\n<p>Selon des chiffres de l\u2019Office national des a\u00e9roports (ONDA), les passagers qui ont utilis\u00e9 cet a\u00e9roport durant la p\u00e9riode janvier-mars 2019 sont au nombre de 120.724 contre 117.427 durant la m\u00eame p\u00e9riode une ann\u00e9e auparavant.<\/p>\n<p>L\u2019a\u00e9roport Oujda-Angad s\u2019est accapar\u00e9 2,15% du volume de trafic enregistr\u00e9 au niveau des diff\u00e9rents a\u00e9roports du Royaume \u00e0 fin mars dernier, se pla\u00e7ant ainsi \u00e0 la 8\u00e8me place \u00e0 l\u2019\u00e9chelon national et \u00e0 la deuxi\u00e8me place sur le plan r\u00e9gional.<\/p>\n<p>Pour le seul mois de mars, le nombre de passagers enregistr\u00e9 au niveau de cette plateforme a\u00e9roportuaire s\u2019est chiffr\u00e9 \u00e0 45.157 voyageurs contre 42.149 passagers durant le m\u00eame mois de l\u2019ann\u00e9e \u00e9coul\u00e9e, en hausse de 7,14%, et une part de 2,19%.<\/p>\n<p>Le nombre des passagers ayant transit\u00e9 via cet a\u00e9roport en 2018 a atteint 675.917, contre 635.746 voyageurs en 2017, soit une hausse de 6,32%.<\/p>\n<p>L\u2019a\u00e9roport Oujda-Angad est li\u00e9 \u00e0 plusieurs a\u00e9roports europ\u00e9ens, notamment de France (Paris, Marseille, Beauvais et Strasbourg), de la Belgique (Bruxelles, Charleroi), d\u2019Allemagne (D\u00fcsseldorf) et des Pays-Bas (Amsterdam).<\/p>\n<\/div>\n<p>Auteur: Soufiane ELAHMAR<br \/>\n<a href=\"http:\/\/www.mapoujda.ma\/fr\/aeroport-oujda-angad-plus-de-120-000-passagers-a-fin-mars\/\">Cliquez ici pour lire l&rsquo;article depuis sa source.<\/a><\/p>\n","protected":false},"excerpt":{"rendered":"<p>Le nombre de passagers qui ont transit\u00e9 via l\u2019a\u00e9roport Oujda-Angad durant les trois premiers mois de cette ann\u00e9e s\u2019est \u00e9tabli \u00e0 120.724, en progression de 2,81% par rapport \u00e0 la m\u00eame p\u00e9riode de l\u2019ann\u00e9e 2018. Selon des chiffres de l\u2019Office national des a\u00e9roports (ONDA), les passagers qui ont utilis\u00e9 cet a\u00e9roport durant la p\u00e9riode janvier-mars [&hellip;]<\/p>\n","protected":false},"author":1788,"featured_media":33131,"comment_status":"closed","ping_status":"closed","sticky":false,"template":"","format":"standard","meta":{"fifu_image_url":"","fifu_image_alt":"","footnotes":""},"categories":[54,76],"tags":[],"class_list":["post-33125","post","type-post","status-publish","format-standard","has-post-thumbnail","hentry","category-maroc","category-regions"],"_links":{"self":[{"href":"https:\/\/linitiative.ca\/International\/wp-json\/wp\/v2\/posts\/33125","targetHints":{"allow":["GET"]}}],"collection":[{"href":"https:\/\/linitiative.ca\/International\/wp-json\/wp\/v2\/posts"}],"about":[{"href":"https:\/\/linitiative.ca\/International\/wp-json\/wp\/v2\/types\/post"}],"author":[{"embeddable":true,"href":"https:\/\/linitiative.ca\/International\/wp-json\/wp\/v2\/users\/1788"}],"replies":[{"embeddable":true,"href":"https:\/\/linitiative.ca\/International\/wp-json\/wp\/v2\/comments?post=33125"}],"version-history":[{"count":0,"href":"https:\/\/linitiative.ca\/International\/wp-json\/wp\/v2\/posts\/33125\/revisions"}],"wp:featuredmedia":[{"embeddable":true,"href":"https:\/\/linitiative.ca\/International\/wp-json\/"}],"wp:attachment":[{"href":"https:\/\/linitiative.ca\/International\/wp-json\/wp\/v2\/media?parent=33125"}],"wp:term":[{"taxonomy":"category","embeddable":true,"href":"https:\/\/linitiative.ca\/International\/wp-json\/wp\/v2\/categories?post=33125"},{"taxonomy":"post_tag","embeddable":true,"href":"https:\/\/linitiative.ca\/International\/wp-json\/wp\/v2\/tags?post=33125"}],"curies":[{"name":"wp","href":"https:\/\/api.w.org\/{rel}","templated":true}]}}