{"id":33126,"date":"2019-05-08T19:30:56","date_gmt":"2019-05-08T23:30:56","guid":{"rendered":"https:\/\/linitiative.ca\/International\/agence-urbaine-de-marrakech-generalisation-de-la-couverture-en-documents-durbanisme-en-2018\/"},"modified":"2019-05-08T19:30:56","modified_gmt":"2019-05-08T23:30:56","slug":"agence-urbaine-de-marrakech-generalisation-de-la-couverture-en-documents-durbanisme-en-2018","status":"publish","type":"post","link":"https:\/\/linitiative.ca\/International\/agence-urbaine-de-marrakech-generalisation-de-la-couverture-en-documents-durbanisme-en-2018\/","title":{"rendered":"Agence Urbaine de Marrakech: G\u00e9n\u00e9ralisation de la couverture en documents d\u2019urbanisme en 2018"},"content":{"rendered":"<div readability=\"36\">\n<p>Marrakech \u2013 L\u2019Agence Urbaine de Marrakech a \u0153uvr\u00e9 en 2018 \u00e0 la g\u00e9n\u00e9ralisation de la couverture en documents d\u2019urbanisme \u00e0 la plupart des communes relevant de son champ d\u2019intervention, en d\u00e9pit de certaines contraintes se rapportant essentiellement \u00e0 la longueur de la proc\u00e9dure juridique \u00e0 l\u2019\u00e9chelle locale et \u00e0 la difficult\u00e9 de respecter les d\u00e9lais d\u00e9j\u00e0 fix\u00e9s aux \u00e9tudes.<\/p>\n<\/div>\n<div readability=\"83\">\n<p>Selon un rapport pr\u00e9sent\u00e9 par le directeur de l\u2019Agence, Khalid Ouaya, lors de la 19\u00e8me session du conseil d\u2019administration de l\u2019\u00e9tablissement, tenue r\u00e9cemment dans la cit\u00e9 ocre, l\u2019Agence a proc\u00e9d\u00e9 durant l\u2019ann\u00e9e \u00e9coul\u00e9e \u00e0 l\u2019homologation de 6 documents d\u2019urbanisme : trois plans d\u2019am\u00e9nagement des communes d\u2019Imintanoute (province de Chichaoua), d\u2019Amezmiz et de Tahanaoute (province d\u2019Al Haouz) et trois plans de d\u00e9veloppement des agglom\u00e9rations rurales des centres des communes de Sidi Badhaj et de Lalla Takerkoust (province d\u2019Al Haouz), et de Bouabout (province de Chichaoua), outre l\u2019ach\u00e8vement, au niveau local, de la proc\u00e9dure juridique concernant 12 documents d\u2019urbanisme.<\/p>\n<p>L\u2019Agence Urbaine de Marrakech a, en outre, veill\u00e9 au suivi de la mise en application des dispositions de 69 documents homologu\u00e9s qui comprennent un sch\u00e9ma directeur d\u2019am\u00e9nagement urbain, 38 plans d\u2019am\u00e9nagement et 30 plans de d\u00e9veloppement, ainsi que de l\u2019\u00e9tude de 50 documents en cours de r\u00e9alisation, dont cinq nouveaux documents d\u2019urbanisme lanc\u00e9s en 2018.<\/p>\n<p>S\u2019agissant de la gestion urbaine, l\u2019Agence a instruit en 2018 un total de 8.522 dossiers de demandes d\u2019autorisation de construire, de lotir, de cr\u00e9er des groupes d\u2019habitation et de morceler, dont 7.440 ont eu un avis favorable, soit un taux de l\u2019ordre de 87%, sachant que ces demandes ont fait l\u2019objet de 10.711 instructions, soit une moyenne mensuelle de 892 dossiers.<\/p>\n<p>Ces demandes se r\u00e9partissaient entre 6.938 au niveau de la pr\u00e9fecture de Marrakech, 1.205 \u00e0 l\u2019\u00e9chelle de la province d\u2019Al Haouz et 379 au niveau de celle de Chichaoua.<\/p>\n<p>L\u2019\u00e9tablissement a \u00e9galement examin\u00e9 145 projets d\u2019investissements qui font l\u2019objet d\u2019une demande de d\u00e9rogation en mati\u00e8re d\u2019urbanisme, dont 54 projets ont re\u00e7u un accord de principe, soit 37% des projets soumis \u00e0 la commission r\u00e9gionale, et 110 projets en cours d\u2019\u00e9tude jusqu\u2019\u00e0 fin d\u00e9cembre 2018.<\/p>\n<p>D\u2019apr\u00e8s ledit rapport, l\u2019ann\u00e9e 2018 a enregistr\u00e9 aussi une baisse de 80% du nombre des projets d\u2019investissements ayant re\u00e7u un accord de principe en raison notamment de la couverture en documents d\u2019urbanisme des zones qui connaissent une dynamique urbanistique.<\/p>\n<\/div>\n<p>Auteur: Meriem IGASS<br \/>\n<a href=\"http:\/\/www.mapmarrakech.ma\/fr\/agence-urbaine-de-marrakech-generalisation-de-la-couverture-en-documents-durbanisme-a-la-plupart-des-communes-en-2018\/\">Cliquez ici pour lire l&rsquo;article depuis sa source.<\/a><\/p>\n","protected":false},"excerpt":{"rendered":"<p>Marrakech \u2013 L\u2019Agence Urbaine de Marrakech a \u0153uvr\u00e9 en 2018 \u00e0 la g\u00e9n\u00e9ralisation de la couverture en documents d\u2019urbanisme \u00e0 la plupart des communes relevant de son champ d\u2019intervention, en d\u00e9pit de certaines contraintes se rapportant essentiellement \u00e0 la longueur de la proc\u00e9dure juridique \u00e0 l\u2019\u00e9chelle locale et \u00e0 la difficult\u00e9 de respecter les d\u00e9lais [&hellip;]<\/p>\n","protected":false},"author":1788,"featured_media":0,"comment_status":"closed","ping_status":"closed","sticky":false,"template":"","format":"standard","meta":{"fifu_image_url":"","fifu_image_alt":"","footnotes":""},"categories":[54,76],"tags":[],"class_list":["post-33126","post","type-post","status-publish","format-standard","hentry","category-maroc","category-regions"],"_links":{"self":[{"href":"https:\/\/linitiative.ca\/International\/wp-json\/wp\/v2\/posts\/33126","targetHints":{"allow":["GET"]}}],"collection":[{"href":"https:\/\/linitiative.ca\/International\/wp-json\/wp\/v2\/posts"}],"about":[{"href":"https:\/\/linitiative.ca\/International\/wp-json\/wp\/v2\/types\/post"}],"author":[{"embeddable":true,"href":"https:\/\/linitiative.ca\/International\/wp-json\/wp\/v2\/users\/1788"}],"replies":[{"embeddable":true,"href":"https:\/\/linitiative.ca\/International\/wp-json\/wp\/v2\/comments?post=33126"}],"version-history":[{"count":0,"href":"https:\/\/linitiative.ca\/International\/wp-json\/wp\/v2\/posts\/33126\/revisions"}],"wp:attachment":[{"href":"https:\/\/linitiative.ca\/International\/wp-json\/wp\/v2\/media?parent=33126"}],"wp:term":[{"taxonomy":"category","embeddable":true,"href":"https:\/\/linitiative.ca\/International\/wp-json\/wp\/v2\/categories?post=33126"},{"taxonomy":"post_tag","embeddable":true,"href":"https:\/\/linitiative.ca\/International\/wp-json\/wp\/v2\/tags?post=33126"}],"curies":[{"name":"wp","href":"https:\/\/api.w.org\/{rel}","templated":true}]}}