{"id":33128,"date":"2019-05-09T07:34:45","date_gmt":"2019-05-09T11:34:45","guid":{"rendered":"https:\/\/linitiative.ca\/International\/casablanca-mise-en-place-dun-nouveau-referentiel-des-prix-de-limmobilier\/"},"modified":"2019-05-09T07:34:45","modified_gmt":"2019-05-09T11:34:45","slug":"casablanca-mise-en-place-dun-nouveau-referentiel-des-prix-de-limmobilier","status":"publish","type":"post","link":"https:\/\/linitiative.ca\/International\/casablanca-mise-en-place-dun-nouveau-referentiel-des-prix-de-limmobilier\/","title":{"rendered":"Casablanca : mise en place d\u2019un nouveau r\u00e9f\u00e9rentiel des prix de l\u2019immobilier"},"content":{"rendered":"<p>Le nouveau <strong>r\u00e9f\u00e9rentiel des prix de vente de l\u2019immobilier<\/strong> sera appliqu\u00e9 d\u00e8s ce mois de mai dans la capitale \u00e9conomique, a annonc\u00e9 le ministre de l\u2019\u00c9conomie et des Finances, <strong>Mohamed Bencha\u00e2boun<\/strong> lors des 3\u00e9me assises de la fiscalit\u00e9, qui se sont tenues les 3 et 4 mai.<\/p>\n<div class=\"c10\"\/>\n<p>Un nouveau r\u00e9f\u00e9rentiel unifi\u00e9 des prix immobiliers refl\u00e9tant la r\u00e9alit\u00e9 du march\u00e9 sur la base des prix aux contrats, \u00e9labor\u00e9 sous la responsabilit\u00e9 commune de la Direction g\u00e9n\u00e9rale des imp\u00f4ts (DGI) et de l\u2019Agence nationale de la conservation fonci\u00e8re, sera actualis\u00e9 chaque semestre de mani\u00e8re concert\u00e9e avec les professionnels, dont les promoteurs immobiliers et les notaires.<\/p>\n<p>Ceci permettra de lutter contre la pratique du noir dans les transactions immobili\u00e8res (sous-d\u00e9claration du prix), qui a cr\u00e9\u00e9 beaucoup de d\u00e9g\u00e2ts dans le secteur. \u00ab\u00a0La r\u00e9ussite de cette r\u00e9forme pr\u00e9suppose une bonne gouvernance qui s\u2019appuie sur une administration fiscale moderne, efficace et efficiente, r\u00e9active et agile, ouverte sur son environnement et ses partenaires, et garantissant une meilleure qualit\u00e9 de service au contribuable, dans le respect des valeurs d\u2019\u00e9quit\u00e9, de transparence et d\u2019\u00e9thique\u00a0\u00bb, a expliqu\u00e9 Bencha\u00e2boun.<\/p>\n<p>Rempla\u00e7ant l\u2019actuel r\u00e9f\u00e9rentiel \u2013 le document couvre 54 villes \u2013 mais pas \u00e0 100% l\u2019ensemble des rues et communes d\u2019une m\u00eame ville. De m\u00eame pour les appartements \u00e0 usage professionnel, les villas et maisons \u00e0 vocation professionnelle ou commerciale, le logement social, le logement destin\u00e9 au recasement des habitants de bidonvilles, les terrains non lotis, les terrains \u00e0 usage industriel.<\/p>\n<div class=\"c17\">\n<fieldset class=\"c16\">\n<legend><strong><span class=\"c11\">Challenge<\/span><span class=\"c12\">news<\/span><\/strong><\/legend>\n<div class=\"c15\">Le meilleur de la r\u00e9daction s\u00e9lectionn\u00e9 par Challenge :<\/p>\n<\/div>\n<\/fieldset>\n<\/div>\n<p>Auteur: Hajar DARI<br \/>\n<a href=\"https:\/\/www.challenge.ma\/casablanca-immobilier-mise-en-place-dun-nouveau-referentiel-des-prix-108893\/\">Cliquez ici pour lire l&rsquo;article depuis sa source.<\/a><\/p>\n","protected":false},"excerpt":{"rendered":"<p>Le nouveau r\u00e9f\u00e9rentiel des prix de vente de l\u2019immobilier sera appliqu\u00e9 d\u00e8s ce mois de mai dans la capitale \u00e9conomique, a annonc\u00e9 le ministre de l\u2019\u00c9conomie et des Finances, Mohamed Bencha\u00e2boun lors des 3\u00e9me assises de la fiscalit\u00e9, qui se sont tenues les 3 et 4 mai. Un nouveau r\u00e9f\u00e9rentiel unifi\u00e9 des prix immobiliers refl\u00e9tant [&hellip;]<\/p>\n","protected":false},"author":1787,"featured_media":0,"comment_status":"closed","ping_status":"closed","sticky":false,"template":"","format":"standard","meta":{"fifu_image_url":"","fifu_image_alt":"","footnotes":""},"categories":[78,54],"tags":[],"class_list":["post-33128","post","type-post","status-publish","format-standard","hentry","category-economie","category-maroc"],"_links":{"self":[{"href":"https:\/\/linitiative.ca\/International\/wp-json\/wp\/v2\/posts\/33128","targetHints":{"allow":["GET"]}}],"collection":[{"href":"https:\/\/linitiative.ca\/International\/wp-json\/wp\/v2\/posts"}],"about":[{"href":"https:\/\/linitiative.ca\/International\/wp-json\/wp\/v2\/types\/post"}],"author":[{"embeddable":true,"href":"https:\/\/linitiative.ca\/International\/wp-json\/wp\/v2\/users\/1787"}],"replies":[{"embeddable":true,"href":"https:\/\/linitiative.ca\/International\/wp-json\/wp\/v2\/comments?post=33128"}],"version-history":[{"count":0,"href":"https:\/\/linitiative.ca\/International\/wp-json\/wp\/v2\/posts\/33128\/revisions"}],"wp:attachment":[{"href":"https:\/\/linitiative.ca\/International\/wp-json\/wp\/v2\/media?parent=33128"}],"wp:term":[{"taxonomy":"category","embeddable":true,"href":"https:\/\/linitiative.ca\/International\/wp-json\/wp\/v2\/categories?post=33128"},{"taxonomy":"post_tag","embeddable":true,"href":"https:\/\/linitiative.ca\/International\/wp-json\/wp\/v2\/tags?post=33128"}],"curies":[{"name":"wp","href":"https:\/\/api.w.org\/{rel}","templated":true}]}}