{"id":33130,"date":"2019-05-09T08:18:04","date_gmt":"2019-05-09T12:18:04","guid":{"rendered":"https:\/\/linitiative.ca\/International\/senegal-9459-entreprises-nouvellement-creees-en-fevrier\/"},"modified":"2019-05-09T08:18:04","modified_gmt":"2019-05-09T12:18:04","slug":"senegal-9459-entreprises-nouvellement-creees-en-fevrier","status":"publish","type":"post","link":"https:\/\/linitiative.ca\/International\/senegal-9459-entreprises-nouvellement-creees-en-fevrier\/","title":{"rendered":"S\u00e9n\u00e9gal : 9459 entreprises nouvellement cr\u00e9\u00e9es en f\u00e9vrier"},"content":{"rendered":"<div readability=\"32\">\n<p>Publi\u00e9 le 09.05.2019 \u00e0 13h18 par APA News<\/p>\n<\/div>\n<div readability=\"52\">\n<p>Le nombre d\u2019entreprises et associations nouvellement immatricul\u00e9es au num\u00e9ro d\u2019identification nationale des entreprises et associations (NINEA) s\u2019est \u00e9tabli \u00e0 9459, au terme du mois de f\u00e9vrier 2019, a appris jeudi APA aupr\u00e8s de l\u2019Agence nationale de la statistique et de la d\u00e9mographie (ANSD).Par rapport au mois de janvier 2019, o\u00f9 il s\u2019\u00e9tablissait \u00e0 4648 le nombre d\u2019entreprises et associations nouvellement immatricul\u00e9es connait une forte progression de 103,50%.<\/p>\n<p>Ces structures sont compos\u00e9es majoritairement d\u2019entreprises individuelles avec un nombre de 7864 contre 3862 en janvier 2019. Avec un nombre total de 663 contre 302 en janvier 2019, les groupements d\u2019int\u00e9r\u00eat \u00e9conomiques (GIE) viennent en deuxi\u00e8me position des nouvelles immatriculations, suivies des soci\u00e9t\u00e9s \u00e0 responsabilit\u00e9 (474 contre 246 en janvier).<\/p>\n<p>Les autres formes juridiques d\u2019entreprise viennent en troisi\u00e8me position avec 428 immatriculations contre 228 au mois pr\u00e9c\u00e9dent.<\/p>\n<p><ins data-revive-zoneid=\"9\" data-revive-id=\"10111e19d28d19d031742ee3b0b33eb0\"\/> <\/p>\n<p>Les soci\u00e9t\u00e9s anonymes totalisent le plus petit nombre d\u2019immatriculation au NINEA avec seulement 30 entreprises contre 10 en janvier 2019.<\/p>\n<\/div>\n<p>Auteur: APA News<br \/>\n<a href=\"https:\/\/www.journalducameroun.com\/fr\/senegal-9459-entreprises-nouvellement-creees-en-fevrier\/\">Cliquez ici pour lire l&rsquo;article depuis sa source.<\/a><\/p>\n","protected":false},"excerpt":{"rendered":"<p>Publi\u00e9 le 09.05.2019 \u00e0 13h18 par APA News Le nombre d\u2019entreprises et associations nouvellement immatricul\u00e9es au num\u00e9ro d\u2019identification nationale des entreprises et associations (NINEA) s\u2019est \u00e9tabli \u00e0 9459, au terme du mois de f\u00e9vrier 2019, a appris jeudi APA aupr\u00e8s de l\u2019Agence nationale de la statistique et de la d\u00e9mographie (ANSD).Par rapport au mois de [&hellip;]<\/p>\n","protected":false},"author":1965,"featured_media":0,"comment_status":"closed","ping_status":"closed","sticky":false,"template":"","format":"standard","meta":{"fifu_image_url":"","fifu_image_alt":"","footnotes":""},"categories":[73,82],"tags":[],"class_list":["post-33130","post","type-post","status-publish","format-standard","hentry","category-actualite","category-cameroun"],"_links":{"self":[{"href":"https:\/\/linitiative.ca\/International\/wp-json\/wp\/v2\/posts\/33130","targetHints":{"allow":["GET"]}}],"collection":[{"href":"https:\/\/linitiative.ca\/International\/wp-json\/wp\/v2\/posts"}],"about":[{"href":"https:\/\/linitiative.ca\/International\/wp-json\/wp\/v2\/types\/post"}],"author":[{"embeddable":true,"href":"https:\/\/linitiative.ca\/International\/wp-json\/wp\/v2\/users\/1965"}],"replies":[{"embeddable":true,"href":"https:\/\/linitiative.ca\/International\/wp-json\/wp\/v2\/comments?post=33130"}],"version-history":[{"count":0,"href":"https:\/\/linitiative.ca\/International\/wp-json\/wp\/v2\/posts\/33130\/revisions"}],"wp:attachment":[{"href":"https:\/\/linitiative.ca\/International\/wp-json\/wp\/v2\/media?parent=33130"}],"wp:term":[{"taxonomy":"category","embeddable":true,"href":"https:\/\/linitiative.ca\/International\/wp-json\/wp\/v2\/categories?post=33130"},{"taxonomy":"post_tag","embeddable":true,"href":"https:\/\/linitiative.ca\/International\/wp-json\/wp\/v2\/tags?post=33130"}],"curies":[{"name":"wp","href":"https:\/\/api.w.org\/{rel}","templated":true}]}}