{"id":33140,"date":"2019-05-09T05:20:00","date_gmt":"2019-05-09T09:20:00","guid":{"rendered":"https:\/\/linitiative.ca\/International\/pont-a-haubans-pas-de-vice-de-la-construction\/"},"modified":"2019-05-09T05:20:00","modified_gmt":"2019-05-09T09:20:00","slug":"pont-a-haubans-pas-de-vice-de-la-construction","status":"publish","type":"post","link":"https:\/\/linitiative.ca\/International\/pont-a-haubans-pas-de-vice-de-la-construction\/","title":{"rendered":"Pont \u00e0 Haubans: Pas de vice de la construction"},"content":{"rendered":"<p class=\"rtejustify\">\u00abLa r\u00e9ception du pont \u00e0 haubans est d\u00e9j\u00e0 faite et il est conforme au cahier des charges et aux normes internationales en vigueur pour ce genre d\u2019ouvrage d\u2019art\u00bb, rassure Ahmed Benboujida, pr\u00e9sident de la commission des services publics, du patrimoine et des prestations au Conseil de la ville de Casablanca. Celui-ci d\u00e9ment par la m\u00eame occasion les rumeurs faisant \u00e9tat d\u2019un vice de construction qui retarde son ouverture au grand public. \u00abTous les travaux sur l\u2019\u00e9clairage, les espaces verts et le p\u00e9rim\u00e8tre avoisinant sont finalis\u00e9s et l\u2019ouverture de l\u2019ouvrage d\u2019art au trafic est imminente\u00bb, ajoute Benboujida. Les automobilistes s\u2019impatientent de voir le pont, finalis\u00e9 depuis quelques mois, toujours ferm\u00e9 \u00e0 la circulation. D\u2019autant plus que les embouteillages s\u2019intensifient durant le mois de Ramadan.<\/p>\n<p class=\"rtejustify\"><em>A.E.<\/em><\/p>\n<p class=\"rtejustify\">\u00a0<\/p>\n<p class=\"rtejustify\">\u00a0<\/p>\n<p class=\"rtejustify\">\u00a0<\/p>\n<p>Auteur: hlafriqi<br \/>\n<a href=\"https:\/\/www.leconomiste.com\/article\/1044852-pont-haubans-pas-de-vice-de-la-construction\">Cliquez ici pour lire l&rsquo;article depuis sa source.<\/a><\/p>\n","protected":false},"excerpt":{"rendered":"<p>\u00abLa r\u00e9ception du pont \u00e0 haubans est d\u00e9j\u00e0 faite et il est conforme au cahier des charges et aux normes internationales en vigueur pour ce genre d\u2019ouvrage d\u2019art\u00bb, rassure Ahmed Benboujida, pr\u00e9sident de la commission des services publics, du patrimoine et des prestations au Conseil de la ville de Casablanca. Celui-ci d\u00e9ment par la m\u00eame [&hellip;]<\/p>\n","protected":false},"author":1763,"featured_media":0,"comment_status":"closed","ping_status":"closed","sticky":false,"template":"","format":"standard","meta":{"fifu_image_url":"","fifu_image_alt":"","footnotes":""},"categories":[78,54],"tags":[],"class_list":["post-33140","post","type-post","status-publish","format-standard","hentry","category-economie","category-maroc"],"_links":{"self":[{"href":"https:\/\/linitiative.ca\/International\/wp-json\/wp\/v2\/posts\/33140","targetHints":{"allow":["GET"]}}],"collection":[{"href":"https:\/\/linitiative.ca\/International\/wp-json\/wp\/v2\/posts"}],"about":[{"href":"https:\/\/linitiative.ca\/International\/wp-json\/wp\/v2\/types\/post"}],"author":[{"embeddable":true,"href":"https:\/\/linitiative.ca\/International\/wp-json\/wp\/v2\/users\/1763"}],"replies":[{"embeddable":true,"href":"https:\/\/linitiative.ca\/International\/wp-json\/wp\/v2\/comments?post=33140"}],"version-history":[{"count":0,"href":"https:\/\/linitiative.ca\/International\/wp-json\/wp\/v2\/posts\/33140\/revisions"}],"wp:attachment":[{"href":"https:\/\/linitiative.ca\/International\/wp-json\/wp\/v2\/media?parent=33140"}],"wp:term":[{"taxonomy":"category","embeddable":true,"href":"https:\/\/linitiative.ca\/International\/wp-json\/wp\/v2\/categories?post=33140"},{"taxonomy":"post_tag","embeddable":true,"href":"https:\/\/linitiative.ca\/International\/wp-json\/wp\/v2\/tags?post=33140"}],"curies":[{"name":"wp","href":"https:\/\/api.w.org\/{rel}","templated":true}]}}