{"id":33141,"date":"2019-05-08T18:43:54","date_gmt":"2019-05-08T22:43:54","guid":{"rendered":"https:\/\/linitiative.ca\/International\/collections-doeuvres-dart-des-professionnels-de-musee-formes\/"},"modified":"2019-05-08T18:43:54","modified_gmt":"2019-05-08T22:43:54","slug":"collections-doeuvres-dart-des-professionnels-de-musee-formes","status":"publish","type":"post","link":"https:\/\/linitiative.ca\/International\/collections-doeuvres-dart-des-professionnels-de-musee-formes\/","title":{"rendered":"Collections d\u2019\u0153uvres d\u2019art: des professionnels de mus\u00e9e form\u00e9s"},"content":{"rendered":"<div class=\"td-post-featured-image\"><a href=\"https:\/\/i2.wp.com\/www.sidwaya.info\/wp-content\/uploads\/2019\/05\/musee.jpg?fit=787%2C523&#038;ssl=1\" data-caption=\"\"><img loading=\"lazy\" decoding=\"async\" width=\"696\" height=\"463\" class=\"entry-thumb td-modal-image\" src=\"https:\/\/i2.wp.com\/www.sidwaya.info\/wp-content\/uploads\/2019\/05\/musee.jpg?resize=696%2C463&#038;ssl=1\" srcset=\"https:\/\/i2.wp.com\/www.sidwaya.info\/wp-content\/uploads\/2019\/05\/musee.jpg?w=787&#038;ssl=1 787w, https:\/\/i2.wp.com\/www.sidwaya.info\/wp-content\/uploads\/2019\/05\/musee.jpg?resize=300%2C199&#038;ssl=1 300w, https:\/\/i2.wp.com\/www.sidwaya.info\/wp-content\/uploads\/2019\/05\/musee.jpg?resize=768%2C510&#038;ssl=1 768w, https:\/\/i2.wp.com\/www.sidwaya.info\/wp-content\/uploads\/2019\/05\/musee.jpg?resize=696%2C463&#038;ssl=1 696w, https:\/\/i2.wp.com\/www.sidwaya.info\/wp-content\/uploads\/2019\/05\/musee.jpg?resize=632%2C420&#038;ssl=1 632w\" sizes=\"auto, (max-width: 696px) 100vw, 696px\" alt=\"\" title=\"musee\"\/><\/a><\/div>\n<div class=\"td-a-rec td-a-rec-id-content_top td_uid_30_5cd4261c9b819_rand td_block_template_1\"><img loading=\"lazy\" decoding=\"async\" class=\"aligncenter size-full wp-image-4463\" src=\"https:\/\/www.sidwaya.info\/wp-content\/uploads\/2019\/02\/FESPACO-TOUR-2019-Bannie%CC%80re-728x90-1.jpg\" alt=\"\" width=\"728\" height=\"90\"\/><\/div>\n<p><strong>L\u2019Organisation islamique pour l\u2019\u00e9ducation, la science et la culture (ISESCO) en collaboration avec le minist\u00e8re de la Culture, des Arts et du Tourisme, a organis\u00e9, les 2 et 3 mai 2019, un atelier national de formation sur la documentation manuelle des collections.<\/strong><\/p>\n<p>La collection des objets culturels, au regard de leur r\u00f4le socioculturel majeur, doit faire l\u2019objet d\u2019une documentation coh\u00e9rente, afin de mat\u00e9rialiser leur paternit\u00e9 dans le patrimoine public, selon l\u2019Organisation islamique pour l\u2019\u00e9ducation, la science et la culture (ISESCO). En partenariat avec le minist\u00e8re de la Culture, des Arts et du Tourisme, elle a organis\u00e9, \u00e0 cet effet, les 2 et 3 mai 2019 \u00e0 Ouagadougou, un atelier de formation sur la documentation manuelle sous le th\u00e8me \u201cPatrimoine du monde islamique\u201d au profit d\u2019une vingtaine de professionnels des mus\u00e9es. Selon la directrice g\u00e9n\u00e9rale du mus\u00e9e national, Rasmata Ma\u00efga, il a \u00e9t\u00e9 question de mettre en \u00e9vidence le bien-fond\u00e9 de la documentation des objets de mus\u00e9e, leur mode d\u2019acquisition, leur fonction sociale et leur description. \u201cLa documentation mus\u00e9ale\u201d, ensemble des m\u00e9thodes de traitement des donn\u00e9es et de l\u2019information d\u2019un mus\u00e9e, a fait l\u2019objet de la premi\u00e8re communication. Venus des mus\u00e9es de l\u2019int\u00e9rieur du pays, les participants ont, dans un second temps, pass\u00e9 en revue les diff\u00e9rentes parties de la documentation mus\u00e9ale. Repr\u00e9sentant le ministre en charge de la culture, Dr Dramane Konat\u00e9 a insist\u00e9 sur l\u2019importance de la documentation dans la collection et la tra\u00e7abilit\u00e9 des \u0153uvres. Il a, par ailleurs, invit\u00e9 les b\u00e9n\u00e9ficiaires de la formation \u00e0 initier des recherches sur divers sujets, telle l\u2019histoire du Faso danfani. Quant au directeur de la recherche et des collections du mus\u00e9e national, Evariste Kabor\u00e9, il est revenu sur la d\u00e9cision des autorit\u00e9s fran\u00e7aises de rapatrier des objets culturels africains. \u201cUn inventaire d\u2019objets a \u00e9t\u00e9 fait sur la base de notre patrimoine culturel. Et des mesures ont \u00e9t\u00e9 prises pour le rapatriement d\u2019\u0153uvres d\u2019art disparues ou vol\u00e9es, s\u2019il en existe\u201d, a-t-il affirm\u00e9. Cela a \u00e9t\u00e9 \u00e9galement l\u2019occasion, a-t-il ajout\u00e9, de documenter plusieurs collections du mus\u00e9e national et d\u2019acqu\u00e9rir du mat\u00e9riel pour la poursuite des enregistrements des \u0153uvres. Au terme de cet exercice, a-t-il conclu, les chercheurs pourront disposer d\u2019une base de donn\u00e9es pour approfondir les recherches sur diff\u00e9rents pans de l\u2019histoire du Burkina Faso. En rappel, l\u2019ISESCO est l\u2019\u00e9quivalent de l\u2019UNESCO dans le monde islamique, mais ne partage pas totalement les valeurs de l\u2019organisme onusien.<\/p>\n<p>Arnaud Fid\u00e8le YAMEOGO<br \/>(Stagiaire)<\/p>\n<div class=\"td-a-rec td-a-rec-id-content_bottom td_uid_31_5cd4261c9ba7d_rand td_block_template_1\"><img loading=\"lazy\" decoding=\"async\" class=\"alignright size-full wp-image-1724\" src=\"https:\/\/www.sidwaya.info\/wp-content\/uploads\/2018\/12\/sidwaya-pub.jpg\" alt=\"\" width=\"720\" height=\"90\"\/><\/div>\n<p>Auteur: BM. Sidwaya<br \/>\n<a href=\"https:\/\/www.sidwaya.info\/blog\/2019\/05\/08\/collections-doeuvres-dart-des-professionnels-de-musee-formes\/\">Cliquez ici pour lire l&rsquo;article depuis sa source.<\/a><\/p>\n","protected":false},"excerpt":{"rendered":"<p>L\u2019Organisation islamique pour l\u2019\u00e9ducation, la science et la culture (ISESCO) en collaboration avec le minist\u00e8re de la Culture, des Arts et du Tourisme, a organis\u00e9, les 2 et 3 mai 2019, un atelier national de formation sur la documentation manuelle des collections. La collection des objets culturels, au regard de leur r\u00f4le socioculturel majeur, doit [&hellip;]<\/p>\n","protected":false},"author":1816,"featured_media":0,"comment_status":"closed","ping_status":"closed","sticky":false,"template":"","format":"standard","meta":{"fifu_image_url":"","fifu_image_alt":"","footnotes":""},"categories":[73,81],"tags":[],"class_list":["post-33141","post","type-post","status-publish","format-standard","hentry","category-actualite","category-burkina-faso"],"_links":{"self":[{"href":"https:\/\/linitiative.ca\/International\/wp-json\/wp\/v2\/posts\/33141","targetHints":{"allow":["GET"]}}],"collection":[{"href":"https:\/\/linitiative.ca\/International\/wp-json\/wp\/v2\/posts"}],"about":[{"href":"https:\/\/linitiative.ca\/International\/wp-json\/wp\/v2\/types\/post"}],"author":[{"embeddable":true,"href":"https:\/\/linitiative.ca\/International\/wp-json\/wp\/v2\/users\/1816"}],"replies":[{"embeddable":true,"href":"https:\/\/linitiative.ca\/International\/wp-json\/wp\/v2\/comments?post=33141"}],"version-history":[{"count":0,"href":"https:\/\/linitiative.ca\/International\/wp-json\/wp\/v2\/posts\/33141\/revisions"}],"wp:attachment":[{"href":"https:\/\/linitiative.ca\/International\/wp-json\/wp\/v2\/media?parent=33141"}],"wp:term":[{"taxonomy":"category","embeddable":true,"href":"https:\/\/linitiative.ca\/International\/wp-json\/wp\/v2\/categories?post=33141"},{"taxonomy":"post_tag","embeddable":true,"href":"https:\/\/linitiative.ca\/International\/wp-json\/wp\/v2\/tags?post=33141"}],"curies":[{"name":"wp","href":"https:\/\/api.w.org\/{rel}","templated":true}]}}