{"id":33143,"date":"2019-05-09T08:18:07","date_gmt":"2019-05-09T12:18:07","guid":{"rendered":"https:\/\/linitiative.ca\/International\/le-congo-dement-les-ong-fustigeant-sa-gouvernance-forestiere\/"},"modified":"2019-05-09T08:18:07","modified_gmt":"2019-05-09T12:18:07","slug":"le-congo-dement-les-ong-fustigeant-sa-gouvernance-forestiere","status":"publish","type":"post","link":"https:\/\/linitiative.ca\/International\/le-congo-dement-les-ong-fustigeant-sa-gouvernance-forestiere\/","title":{"rendered":"Le Congo d\u00e9ment les ONG fustigeant sa gouvernance foresti\u00e8re"},"content":{"rendered":"<div readability=\"32\">\n<p>Publi\u00e9 le 09.05.2019 \u00e0 13h18 par APA News<\/p>\n<\/div>\n<div readability=\"82\">\n<p>Le gouvernement congolais, dans une d\u00e9claration rendue publique mercredi soir \u00e0 Brazzaville, a rejet\u00e9 en bloc les \u00abattaques r\u00e9p\u00e9t\u00e9es de certaines ONG contre\u00bb sa \u00abgouvernance foresti\u00e8re\u00bb , arguant que le but recherch\u00e9 par ces derni\u00e8res est de \u00abjeter le discr\u00e9dit\u00bb sur le travail qu\u2019il abat pour g\u00e9rer les ressources du pays.Dans cette d\u00e9claration lue par le ministre de la communication et porte-parole du gouvernement congolais, Thierry L\u00e9zin Moungalla, l\u2019Etat congolais s\u2019en prend d\u2019abord \u00e0 l\u2019ONG \u00ab Environnemental Ivestigation Agency \u00bb qui, dans un document publi\u00e9 sous le titre \u00ab Commerce toxique : la criminalit\u00e9 foresti\u00e8re au Gabon et en r\u00e9publique du Congo \u00bb indique avoir men\u00e9, entre 2013 et 2016, une enqu\u00eate qui met en cause l\u2019exploitation foresti\u00e8re au Congo et au Gabon.<\/p>\n<p>Le gouvernement congolais jette le doute sur la mat\u00e9rialit\u00e9 et le s\u00e9rieux des accusations p\u00e9remptoires de l\u2019ONG EIA, en soutenant que celle-ci attribue au Congo et au Gabon une superficie de 60% de la superficie des for\u00eats du Bassin du Congo alors que les deux pays n\u2019en d\u00e9tiennent que 20%.<\/p>\n<p>A l\u2019endroit de cette ONG qui qualifie de \u00ab laxistes et de moralit\u00e9 douteuse \u00bb les administrations en charge de r\u00e9guler l\u2019exploitation foresti\u00e8re au Congo, le gouvernement pr\u00e9cise que \u00ab l\u2019exploitation des ressources foresti\u00e8res au Congo n\u2019est autoris\u00e9e qu\u2019au terme d\u2019une proc\u00e9dure d\u2019appel d\u2019offres conform\u00e9ment \u00e0 la loi n\u00b016-2000 du 20 novembre portant code forestier au Congo \u00bb.<\/p>\n<p>\u00ab La l\u00e9gislation congolaise (\u2026) oblige les exploitants \u00e0 transformer sur place 85% de la production, le reliquat de 15% \u00e9tant vou\u00e9 \u00e0 l\u2019exportation \u00bb, ajoute le document.<\/p>\n<p><ins data-revive-zoneid=\"9\" data-revive-id=\"10111e19d28d19d031742ee3b0b33eb0\"\/> <\/p>\n<p>A l\u2019ONG GREENPEACE Afrique qui exige du gouvernement congolais l\u2019annulation de toutes les activit\u00e9s industrielles en cours et \u00e0 venir affectant les tourbi\u00e8res de la Cuvette centrale, le gouvernement r\u00e9torque que \u00ab Le Bassin du Congo est le deuxi\u00e8me poumon \u00e9cologique de la plan\u00e8te. Cette \u00e9vidence oblige tout le monde, y compris ces ONG, \u00e0 aborder ces questions avec responsabilit\u00e9 et sans d\u00e9magogie \u00bb.<\/p>\n<p>Le gouvernement rassure, par ailleurs, ses partenaires techniques et financiers que : \u00ab le Congo g\u00e8re ses ressources naturelles de mani\u00e8re responsable (\u2026), il a entrepris des efforts importants en mati\u00e8re d\u2019am\u00e9nagement forestier et de certification foresti\u00e8re. Il fait incontestablement partie des pionniers en mati\u00e8re de gestion durable des for\u00eats ainsi que de la protection de la biodiversit\u00e9 \u00bb.<\/p>\n<p>\u00ab Le gouvernement congolais, note le communiqu\u00e9, n\u2019a pas attendu les le\u00e7ons que veut lui donner GREENPEACE Afrique pour mener (\u2026) une politique volontariste combinant recherche de croissance \u00e9conomique et d\u00e9veloppement durable \u00bb.<\/p>\n<\/div>\n<p>Auteur: APA News<br \/>\n<a href=\"https:\/\/www.journalducameroun.com\/fr\/le-congo-dement-les-ong-fustigeant-sa-gouvernance-forestiere\/\">Cliquez ici pour lire l&rsquo;article depuis sa source.<\/a><\/p>\n","protected":false},"excerpt":{"rendered":"<p>Publi\u00e9 le 09.05.2019 \u00e0 13h18 par APA News Le gouvernement congolais, dans une d\u00e9claration rendue publique mercredi soir \u00e0 Brazzaville, a rejet\u00e9 en bloc les \u00abattaques r\u00e9p\u00e9t\u00e9es de certaines ONG contre\u00bb sa \u00abgouvernance foresti\u00e8re\u00bb , arguant que le but recherch\u00e9 par ces derni\u00e8res est de \u00abjeter le discr\u00e9dit\u00bb sur le travail qu\u2019il abat pour g\u00e9rer [&hellip;]<\/p>\n","protected":false},"author":1965,"featured_media":0,"comment_status":"closed","ping_status":"closed","sticky":false,"template":"","format":"standard","meta":{"fifu_image_url":"","fifu_image_alt":"","footnotes":""},"categories":[73,82],"tags":[],"class_list":["post-33143","post","type-post","status-publish","format-standard","hentry","category-actualite","category-cameroun"],"_links":{"self":[{"href":"https:\/\/linitiative.ca\/International\/wp-json\/wp\/v2\/posts\/33143","targetHints":{"allow":["GET"]}}],"collection":[{"href":"https:\/\/linitiative.ca\/International\/wp-json\/wp\/v2\/posts"}],"about":[{"href":"https:\/\/linitiative.ca\/International\/wp-json\/wp\/v2\/types\/post"}],"author":[{"embeddable":true,"href":"https:\/\/linitiative.ca\/International\/wp-json\/wp\/v2\/users\/1965"}],"replies":[{"embeddable":true,"href":"https:\/\/linitiative.ca\/International\/wp-json\/wp\/v2\/comments?post=33143"}],"version-history":[{"count":0,"href":"https:\/\/linitiative.ca\/International\/wp-json\/wp\/v2\/posts\/33143\/revisions"}],"wp:attachment":[{"href":"https:\/\/linitiative.ca\/International\/wp-json\/wp\/v2\/media?parent=33143"}],"wp:term":[{"taxonomy":"category","embeddable":true,"href":"https:\/\/linitiative.ca\/International\/wp-json\/wp\/v2\/categories?post=33143"},{"taxonomy":"post_tag","embeddable":true,"href":"https:\/\/linitiative.ca\/International\/wp-json\/wp\/v2\/tags?post=33143"}],"curies":[{"name":"wp","href":"https:\/\/api.w.org\/{rel}","templated":true}]}}