{"id":33144,"date":"2019-05-09T05:57:45","date_gmt":"2019-05-09T09:57:45","guid":{"rendered":"https:\/\/linitiative.ca\/International\/tunisie-ouverture-dun-bureau-dinscription-sur-les-listes-electorales-dans-une-prison\/"},"modified":"2019-05-09T05:57:45","modified_gmt":"2019-05-09T09:57:45","slug":"tunisie-ouverture-dun-bureau-dinscription-sur-les-listes-electorales-dans-une-prison","status":"publish","type":"post","link":"https:\/\/linitiative.ca\/International\/tunisie-ouverture-dun-bureau-dinscription-sur-les-listes-electorales-dans-une-prison\/","title":{"rendered":"Tunisie: Ouverture d\u2019un bureau d\u2019inscription sur les listes \u00e9lectorales dans une prison"},"content":{"rendered":"<div class=\"post-cont-in left relative\">\n<p>Un bureau d\u2019inscription sur les listes \u00e9lectorales a \u00e9t\u00e9 ouvert \u00e0 la prison civile Sawaf dans le gouvernorat de Zaghouan pour permettre aux prisonniers de voter.<\/p>\n<p>Cette d\u00e9cision \u00e0 l\u2019initiative du juge d\u2019ex\u00e9cution des peines Mounir Riahi a \u00e9t\u00e9 mise en \u0153uvre apr\u00e8s l\u2019approbation de l\u2019ISIE r\u00e9gionale de Zaghouan pour son application, un pr\u00e9c\u00e9dent dans l\u2019histoire de la justice tunisienne et des \u00e9lections.<\/p>\n<div class=\"code-block code-block-1 c3\"><ins class=\"adsbygoogle c2\" data-ad-layout=\"in-article\" data-ad-format=\"fluid\" data-ad-client=\"ca-pub-2102118777505746\" data-ad-slot=\"7301775417\"\/> <\/div>\n<div class=\"mvp-org-wrap mvp-org-logo\" itemprop=\"publisher\" itemscope=\"\" itemtype=\"https:\/\/schema.org\/Organization\"><img decoding=\"async\" src=\"https:\/\/www.tunisienumerique.com\/wp-content\/uploads\/2017\/02\/logo_tunisie_numerique.png\"\/><\/div>\n<div class=\"mvp-related-posts left relative\">\n<h4 class=\"post-header\"><span class=\"post-header\">Lire aussi<\/span><\/h4>\n<\/div>\n<\/div>\n<p>Auteur: Mourad S<br \/>\n<a href=\"https:\/\/www.tunisienumerique.com\/tunisie-ouverture-dun-bureau-dinscription-sur-les-listes-electorales-dans-une-prison\/\">Cliquez ici pour lire l&rsquo;article depuis sa source.<\/a><\/p>\n","protected":false},"excerpt":{"rendered":"<p>Un bureau d\u2019inscription sur les listes \u00e9lectorales a \u00e9t\u00e9 ouvert \u00e0 la prison civile Sawaf dans le gouvernorat de Zaghouan pour permettre aux prisonniers de voter. Cette d\u00e9cision \u00e0 l\u2019initiative du juge d\u2019ex\u00e9cution des peines Mounir Riahi a \u00e9t\u00e9 mise en \u0153uvre apr\u00e8s l\u2019approbation de l\u2019ISIE r\u00e9gionale de Zaghouan pour son application, un pr\u00e9c\u00e9dent dans [&hellip;]<\/p>\n","protected":false},"author":1789,"featured_media":33149,"comment_status":"closed","ping_status":"closed","sticky":false,"template":"","format":"standard","meta":{"fifu_image_url":"","fifu_image_alt":"","footnotes":""},"categories":[73,55],"tags":[],"class_list":["post-33144","post","type-post","status-publish","format-standard","has-post-thumbnail","hentry","category-actualite","category-tunisie"],"_links":{"self":[{"href":"https:\/\/linitiative.ca\/International\/wp-json\/wp\/v2\/posts\/33144","targetHints":{"allow":["GET"]}}],"collection":[{"href":"https:\/\/linitiative.ca\/International\/wp-json\/wp\/v2\/posts"}],"about":[{"href":"https:\/\/linitiative.ca\/International\/wp-json\/wp\/v2\/types\/post"}],"author":[{"embeddable":true,"href":"https:\/\/linitiative.ca\/International\/wp-json\/wp\/v2\/users\/1789"}],"replies":[{"embeddable":true,"href":"https:\/\/linitiative.ca\/International\/wp-json\/wp\/v2\/comments?post=33144"}],"version-history":[{"count":0,"href":"https:\/\/linitiative.ca\/International\/wp-json\/wp\/v2\/posts\/33144\/revisions"}],"wp:featuredmedia":[{"embeddable":true,"href":"https:\/\/linitiative.ca\/International\/wp-json\/"}],"wp:attachment":[{"href":"https:\/\/linitiative.ca\/International\/wp-json\/wp\/v2\/media?parent=33144"}],"wp:term":[{"taxonomy":"category","embeddable":true,"href":"https:\/\/linitiative.ca\/International\/wp-json\/wp\/v2\/categories?post=33144"},{"taxonomy":"post_tag","embeddable":true,"href":"https:\/\/linitiative.ca\/International\/wp-json\/wp\/v2\/tags?post=33144"}],"curies":[{"name":"wp","href":"https:\/\/api.w.org\/{rel}","templated":true}]}}