{"id":33146,"date":"2019-05-09T05:18:46","date_gmt":"2019-05-09T09:18:46","guid":{"rendered":"https:\/\/linitiative.ca\/International\/debits-de-boissons-les-exploitants-font-mousser-une-nouvelle-hausse-du-prix-de-la-biere\/"},"modified":"2019-05-09T05:18:46","modified_gmt":"2019-05-09T09:18:46","slug":"debits-de-boissons-les-exploitants-font-mousser-une-nouvelle-hausse-du-prix-de-la-biere","status":"publish","type":"post","link":"https:\/\/linitiative.ca\/International\/debits-de-boissons-les-exploitants-font-mousser-une-nouvelle-hausse-du-prix-de-la-biere\/","title":{"rendered":"D\u00e9bits de boissons: les exploitants font mousser une nouvelle hausse du prix de la bi\u00e8re"},"content":{"rendered":"<p>Le ministre du Commerce, <strong>Luc Magloire Mbarga Atangana<\/strong>, a obtenu le 29 avril dernier du Syndicat national des exploitants des d\u00e9bits de boissons du Cameroun (<strong>Synedeboc<\/strong>), qu\u2019il l\u00e8ve le mot d\u2019ordre de gr\u00e8ve qu\u2019il avait lanc\u00e9 en protestation du passage du casier de bi\u00e8re de <strong>5600 \u00e0 7200 Fcfa<\/strong>, du fait de la r\u00e9duction de <strong>20%<\/strong> \u00e0 <strong>10%<\/strong>, dans la loi de finances 2019, de l\u2019abattement qui sert de base au calcul du droit d\u2019accise sur les produits agricoles. Mais, selon le pr\u00e9sident national de ce syndicat, <strong>Me Roger Tapa Tchiesso<\/strong>, qui \u00e9tait face \u00e0 la presse le 30 avril dernier, \u00e0 Yaound\u00e9, \u00ab <em>les n\u00e9gociations administratives se poursuivent \u00bb, et \u00ab cette suspension est provisoire<\/em> <u>\u00bb.<\/u> Il juge excessif le prix actuel de la bi\u00e8re, et est convaincu qu\u2019avec un peu de volont\u00e9, le gouvernement peut le baisser jusqu\u2019\u00e0 <strong>500 Fcfa.<\/strong> A en croire le pr\u00e9sident du Synedeboc, l\u2019Etat pr\u00e9l\u00e8ve actuellement <strong>347 Fcfa<\/strong> en termes de taxes et imp\u00f4ts sur chaque bouteille bi\u00e8re.<\/p>\n<p>L\u2019un des points qui divisent le gouvernement, les soci\u00e9t\u00e9s brassicoles et les syndicats du secteur des d\u00e9bits de boissons, c\u2019est le marquage fiscal sur les bouteilles de bi\u00e8res. Comme avec les vins et spiritueux depuis quelques ann\u00e9es, l\u2019administration fiscale est sur le point de faire apposer des vignettes sur les bi\u00e8res, dans le but officiel de limiter la circulation des boissons de contrebande ou de contrefa\u00e7on. Selon le coordonnateur national du Synedeboc, <strong>Val\u00e9ry Ntendie<\/strong>, qui a fait partie du groupe de travail mis sur pied par le Premier ministre en vue de d\u00e9finir les contours de cette innovation, l\u2019un des objectifs inavou\u00e9s par les autorit\u00e9s publiques \u00e9tait de s\u2019assurer du plein contr\u00f4le de la production des soci\u00e9t\u00e9s brassicoles. Or, celles-ci disposent de machines qui comptabilisent le nombre exact de bouteilles produites. Le march\u00e9 aurait d\u00e9j\u00e0 \u00e9t\u00e9 pass\u00e9 de gr\u00e9 \u00e0 gr\u00e9 \u00e0 une entreprise suisse \u00e0 qui ces vignettes vont g\u00e9n\u00e9rer \u00e0 moyenne <strong>10 milliards Fcfa<\/strong> de gains annuels, rien qu\u2019en pr\u00e9levant <strong>18 F<\/strong>cfa sur chaque bouteille.<\/p>\n<p>L\u2019impl\u00e9mentation de cette r\u00e9forme, qui devrait faire suite \u00e0 une loi de finances rectificative, entra\u00eenera in\u00e9luctablement une nouvelle hausse du prix de la bi\u00e8re. Et, selon Val\u00e9ry Ntendie, c\u2019est le contribuable qui va payer. Le Synedeboc promet d\u2019activer l\u2019op\u00e9ration \u00ab <em>bars morts<\/em> \u00bb si le gouvernement venait \u00e0 acter l\u2019apposition de la vignette.<\/p>\n<div class=\"about-author about-author-box container-wrapper\">\n<div class=\"author-avatar\">\n<p><img decoding=\"async\" src=\"http:\/\/\" alt=\"\"\/><\/p>\n<\/div>\n<p><h4>La R\u00e9daction EcoMatin<\/h4>\n<\/p>\n<\/div>\n<div class=\"awac-wrapper awac widget blog_subscription-2\">\n<h4 class=\"widget-title\">Abonnez-vous \u00e0 notre lettre d&rsquo;information<\/h4>\n<\/div>\n<p>Auteur: EcoMatin<br \/>\n<a href=\"https:\/\/ecomatin.net\/debits-de-boissons-les-exploitants-font-mousser-une-nouvelle-hausse-du-prix-de-la-biere\/\">Cliquez ici pour lire l&rsquo;article depuis sa source.<\/a><\/p>\n","protected":false},"excerpt":{"rendered":"<p>Le ministre du Commerce, Luc Magloire Mbarga Atangana, a obtenu le 29 avril dernier du Syndicat national des exploitants des d\u00e9bits de boissons du Cameroun (Synedeboc), qu\u2019il l\u00e8ve le mot d\u2019ordre de gr\u00e8ve qu\u2019il avait lanc\u00e9 en protestation du passage du casier de bi\u00e8re de 5600 \u00e0 7200 Fcfa, du fait de la r\u00e9duction de [&hellip;]<\/p>\n","protected":false},"author":1969,"featured_media":0,"comment_status":"closed","ping_status":"closed","sticky":false,"template":"","format":"standard","meta":{"fifu_image_url":"","fifu_image_alt":"","footnotes":""},"categories":[82,78],"tags":[],"class_list":["post-33146","post","type-post","status-publish","format-standard","hentry","category-cameroun","category-economie"],"_links":{"self":[{"href":"https:\/\/linitiative.ca\/International\/wp-json\/wp\/v2\/posts\/33146","targetHints":{"allow":["GET"]}}],"collection":[{"href":"https:\/\/linitiative.ca\/International\/wp-json\/wp\/v2\/posts"}],"about":[{"href":"https:\/\/linitiative.ca\/International\/wp-json\/wp\/v2\/types\/post"}],"author":[{"embeddable":true,"href":"https:\/\/linitiative.ca\/International\/wp-json\/wp\/v2\/users\/1969"}],"replies":[{"embeddable":true,"href":"https:\/\/linitiative.ca\/International\/wp-json\/wp\/v2\/comments?post=33146"}],"version-history":[{"count":0,"href":"https:\/\/linitiative.ca\/International\/wp-json\/wp\/v2\/posts\/33146\/revisions"}],"wp:attachment":[{"href":"https:\/\/linitiative.ca\/International\/wp-json\/wp\/v2\/media?parent=33146"}],"wp:term":[{"taxonomy":"category","embeddable":true,"href":"https:\/\/linitiative.ca\/International\/wp-json\/wp\/v2\/categories?post=33146"},{"taxonomy":"post_tag","embeddable":true,"href":"https:\/\/linitiative.ca\/International\/wp-json\/wp\/v2\/tags?post=33146"}],"curies":[{"name":"wp","href":"https:\/\/api.w.org\/{rel}","templated":true}]}}