{"id":33147,"date":"2019-05-09T06:27:13","date_gmt":"2019-05-09T10:27:13","guid":{"rendered":"https:\/\/linitiative.ca\/International\/couverture-des-parents-la-treve-syndicats-executif-deja-finie\/"},"modified":"2019-05-09T06:27:13","modified_gmt":"2019-05-09T10:27:13","slug":"couverture-des-parents-la-treve-syndicats-executif-deja-finie","status":"publish","type":"post","link":"https:\/\/linitiative.ca\/International\/couverture-des-parents-la-treve-syndicats-executif-deja-finie\/","title":{"rendered":"Couverture des parents : La tr\u00eave syndicats-Ex\u00e9cutif d\u00e9j\u00e0 finie !"},"content":{"rendered":"<p><img decoding=\"async\" class=\"post_layout_5_img\" src=\"http:\/\/aujourdhui.ma\/wp-content\/uploads\/2019\/05\/Amo.jpg?x29840\" alt=\"Couverture des parents : La tr\u00eave syndicats-Ex\u00e9cutif d\u00e9j\u00e0 finie !\"\/><\/p>\n<p class=\"p1\"><span class=\"c4\"><strong><em>Les syndicalistes craignent de nouvelles ponctions\u00a0<\/em><em>sur les salaires pour financer l\u2019extension de l\u2019AMO aux ascendants<\/em><\/strong><\/span><span id=\"more-310825\"\/><\/p>\n<div class=\"base-box mom_box_sc_custom mom_box_sc clear c5\" readability=\"10\">\n<p class=\"p1\">Pour les syndicats, une nouvelle hausse des cotisations apr\u00e8s celles appliqu\u00e9es dans le cadre de la r\u00e9forme param\u00e9trique des retraites \u00e9quivaudrait \u00e0 vider la derni\u00e8re hausse des salaires de son sens.<\/p>\n<\/div>\n<p class=\"p1\"><span class=\"s1\">La tr\u00eave entre le gouvernement et les syndicats semble d\u00e9j\u00e0 termin\u00e9e. Les deux parties qui ont sign\u00e9 un accord social \u00e0 la veille du 1<sup>er<\/sup> mai se trouvent aujourd\u2019hui \u00e0 couteaux tir\u00e9s. Et pour cause. Le gouvernement veut acc\u00e9l\u00e9rer l\u2019adoption du projet de loi sur l\u2019extension de l\u2019assurance-maladie aux parents des fonctionnaires. Le texte bloqu\u00e9 \u00e0 la deuxi\u00e8me Chambre depuis 2016 risque de le rester encore plus en raison des divergences entre les syndicats et le gouvernement.<\/span><\/p>\n<p class=\"p1\"><span class=\"s1\">C\u2019est le cas notamment pour la Conf\u00e9d\u00e9ration d\u00e9mocratique du travail (CDT). Pour la centrale qui avait refus\u00e9 d\u00e9j\u00e0 de signer l\u2019accord du 25 avril dernier, il est hors de question de lancer le d\u00e9bat au Parlement autour du projet de loi avant qu\u2019un consensus ne soit trouv\u00e9 entre les partenaires sociaux dans le cadre du dialogue social. Le niet syndical est expliqu\u00e9 par la crainte de voir les salaires des fonctionnaires plomb\u00e9s par de nouvelles cotisations et ponctions.<\/span><\/p>\n<p class=\"p1\"><span class=\"s1\">En effet, la mise en \u0153uvre de l\u2019extension de l\u2019AMO (Assurance maladie obligatoire) aux ascendants se traduira in\u00e9luctablement par de nouvelles charges qui devront \u00eatre support\u00e9es par l\u2019Etat employeur mais \u00e9galement les fonctionnaires. Il faut dire que le sujet est assez d\u00e9licat surtout que certaines estimations parlent d\u2019une population cible de l\u2019extension qui pourrait d\u00e9passer largement les 100.000 personnes. Le fait de confier la gestion de ce dossier \u00e0 la CNOPS (Caisse nationale des organismes de pr\u00e9voyance sociale) rend les choses un peu plus d\u00e9licates en raison des signes de d\u00e9ficit qui commencent \u00e0 appara\u00eetre dans les comptes de cette caisse.<\/span><\/p>\n<p class=\"p1\"><span class=\"s1\">Pour leur part, les syndicats trouvent qu\u2019une nouvelle hausse des cotisations apr\u00e8s celles appliqu\u00e9es dans le cadre de la r\u00e9forme param\u00e9trique des retraites \u00e9quivaudrait \u00e0 vider la derni\u00e8re hausse des salaires de son sens. C\u2019est la raison pour laquelle les syndicats demandent de soumettre le projet de loi pr\u00e9alablement \u00e0 la table des n\u00e9gociations dans le cadre du dialogue social. Cette pol\u00e9mique est de nature \u00e0 retarder encore plus l\u2019adoption du texte en question.<\/span><\/p>\n<p class=\"p1\"><span class=\"s1\">Pour rappel, c\u2019est en 2016 que le gouvernement avait adopt\u00e9 le projet de loi 63.15 relatif \u00e0 l\u2019assurance-maladie obligatoire (AMO) des fonctionnaires du secteur public. Il s\u2019agit en gros d\u2019amender l\u2019article 5 de la loi 65.00 relative \u00e0 la couverture m\u00e9dicale pour garantir des soins m\u00e9dicaux aux parents des fonctionnaires tout comme leurs conjoints et enfants.<\/span><\/p>\n<p class=\"p1\"><span class=\"s1\">L\u2019op\u00e9ration doit se limiter dans un premier temps aux fonctionnaires de l\u2019administration publique avant l\u2019\u00e9largissement de la couverture m\u00e9dicale aux parents des salari\u00e9s du secteur priv\u00e9. Mais d\u00e8s le d\u00e9p\u00f4t du texte au Parlement, les premiers couacs sont apparus, notamment l\u2019obligation pour l\u2019assur\u00e9 de prendre en charge les cotisations li\u00e9es \u00e0 l\u2019extension de la couverture \u00e0 ses parents.<\/span><\/p>\n<p>Auteur: Mohamed Badrane<br \/>\n<a href=\"http:\/\/aujourdhui.ma\/societe\/couverture-des-parents-la-treve-syndicats-executif-deja-finie\">Cliquez ici pour lire l&rsquo;article depuis sa source.<\/a><\/p>\n","protected":false},"excerpt":{"rendered":"<p>Les syndicalistes craignent de nouvelles ponctions\u00a0sur les salaires pour financer l\u2019extension de l\u2019AMO aux ascendants Pour les syndicats, une nouvelle hausse des cotisations apr\u00e8s celles appliqu\u00e9es dans le cadre de la r\u00e9forme param\u00e9trique des retraites \u00e9quivaudrait \u00e0 vider la derni\u00e8re hausse des salaires de son sens. La tr\u00eave entre le gouvernement et les syndicats semble [&hellip;]<\/p>\n","protected":false},"author":1759,"featured_media":0,"comment_status":"closed","ping_status":"closed","sticky":false,"template":"","format":"standard","meta":{"fifu_image_url":"","fifu_image_alt":"","footnotes":""},"categories":[73,54],"tags":[],"class_list":["post-33147","post","type-post","status-publish","format-standard","hentry","category-actualite","category-maroc"],"_links":{"self":[{"href":"https:\/\/linitiative.ca\/International\/wp-json\/wp\/v2\/posts\/33147","targetHints":{"allow":["GET"]}}],"collection":[{"href":"https:\/\/linitiative.ca\/International\/wp-json\/wp\/v2\/posts"}],"about":[{"href":"https:\/\/linitiative.ca\/International\/wp-json\/wp\/v2\/types\/post"}],"author":[{"embeddable":true,"href":"https:\/\/linitiative.ca\/International\/wp-json\/wp\/v2\/users\/1759"}],"replies":[{"embeddable":true,"href":"https:\/\/linitiative.ca\/International\/wp-json\/wp\/v2\/comments?post=33147"}],"version-history":[{"count":0,"href":"https:\/\/linitiative.ca\/International\/wp-json\/wp\/v2\/posts\/33147\/revisions"}],"wp:attachment":[{"href":"https:\/\/linitiative.ca\/International\/wp-json\/wp\/v2\/media?parent=33147"}],"wp:term":[{"taxonomy":"category","embeddable":true,"href":"https:\/\/linitiative.ca\/International\/wp-json\/wp\/v2\/categories?post=33147"},{"taxonomy":"post_tag","embeddable":true,"href":"https:\/\/linitiative.ca\/International\/wp-json\/wp\/v2\/tags?post=33147"}],"curies":[{"name":"wp","href":"https:\/\/api.w.org\/{rel}","templated":true}]}}