{"id":33155,"date":"2019-05-09T06:48:19","date_gmt":"2019-05-09T10:48:19","guid":{"rendered":"https:\/\/linitiative.ca\/International\/casa-transports-devoile-le-prestataire-ce-jeudi\/"},"modified":"2019-05-09T06:48:19","modified_gmt":"2019-05-09T10:48:19","slug":"casa-transports-devoile-le-prestataire-ce-jeudi","status":"publish","type":"post","link":"https:\/\/linitiative.ca\/International\/casa-transports-devoile-le-prestataire-ce-jeudi\/","title":{"rendered":"Casa Transports d\u00e9voile le prestataire ce jeudi"},"content":{"rendered":"<header>\n<div class=\"entry-post-meta\">\n<div class=\"author-link\">Publi\u00e9 par <a itemprop=\"author\" itemscope=\"\" itemtype=\"https:\/\/schema.org\/Person\" href=\"http:\/\/aujourdhui.ma\/profile\/kaid\" rel=\"author\"><span itemprop=\"name\">ALM<\/span><\/a><\/div>\n<p>Date\u00a0:<time content=\"2019-05-09T10:48:19+00:00\" class=\"entry-date updated\" datetime=\"2019-05-09T10:48:19+00:00\">mai 09, 2019<\/time><\/p>\n<div class=\"entry-cat\">dans:<a href=\"http:\/\/aujourdhui.ma\/category\/economie\" rel=\"category tag\">Economie<\/a><\/div>\n<p>3Vues<\/p>\n<\/div>\n<\/header>\n<div class=\"entry-content clearfix\" readability=\"59\"><img decoding=\"async\" class=\"post_layout_5_img\" src=\"http:\/\/aujourdhui.ma\/wp-content\/uploads\/2017\/08\/Mdina-Bus.jpg?x29840\" alt=\"Casa Transports d\u00e9voile le prestataire ce jeudi\"\/><\/p>\n<p class=\"p1\"><span class=\"c4\"><strong><span class=\"s1\"><em>Attribution du contrat d\u2019exploitation du r\u00e9seau de bus<\/em><\/span><\/strong><\/span><span id=\"more-310836\"\/><\/p>\n<p class=\"p1\"><span class=\"s1\"><em>\u00abL\u2019\u00e9tablissement de coop\u00e9ration intercommunale \u00abAl Baida\u00bb proc\u00e9dera le jeudi 9 mai 2019 \u00e0 10h \u00e0 la r\u00e9ception et \u00e0 l\u2019enregistrement des dossiers de pr\u00e9s\u00e9lection relatifs \u00e0 l\u2019appel d\u2019offres ouvert, du contrat d\u2019exploitation du r\u00e9seau de bus dans l\u2019enceinte du territoire de l\u2019ECI\u00bb.<\/em><\/span><\/p>\n<p class=\"p1\"><span class=\"s1\">C\u2019est ce qu\u2019a annonc\u00e9 Casa Transports r\u00e9cemment dans un communiqu\u00e9. En effet, la consultation conduite par l\u2019ECI a pour objet d\u2019attribuer \u00e0 un op\u00e9rateur \u00e9conomique ou un groupement le contrat d\u2019exploitation du r\u00e9seau de bus, \u00e0 l\u2019issue d\u2019une p\u00e9riode de mise en concurrence en deux phases : une phase de pr\u00e9s\u00e9lection et une phase de dialogue comp\u00e9titif. Dans le d\u00e9tail, l\u2019approbation finale du dossier du futur exploitant du service bus devra \u00eatre prononc\u00e9e courant octobre 2019. Selon l\u2019entreprise, l\u2019objectif du futur r\u00e9seau est de proposer une offre de service de transport de collectif par autobus sur le territoire de l\u2019\u00e9tablissement de coop\u00e9ration intercommunale int\u00e9grant les pr\u00e9fectures de Casablanca et Mohammadia et les provinces de Nouaceur et M\u00e9diouna, soit au total 18 communes.<\/span><\/p>\n<p class=\"p1\"><span class=\"s1\">Il s\u2019agit \u00e9galement de disposer d\u2019un r\u00e9seau lisible et fiable en consid\u00e9rant l\u2019ensemble des modes de transport et des d\u00e9veloppements de TCSP ainsi que les p\u00f4les d\u2019\u00e9change associ\u00e9s. De m\u00eame, il faudra r\u00e9pondre \u00e0 la demande en prenant en consid\u00e9ration les p\u00f4les d\u2019attraction contemporains et futurs dans la d\u00e9finition des lignes. De plus, la finalit\u00e9 \u00e9tant aussi d\u2019am\u00e9liorer l\u2019efficacit\u00e9 et l\u2019attractivit\u00e9 des bus et activer l\u2019intermodalit\u00e9 bus-tramway pour un r\u00e9seau adapt\u00e9 \u00e0 la demande et aux conditions de circulation. <em>\u00abAinsi une hi\u00e9rarchisation des lignes est programm\u00e9e avec des lignes principales compl\u00e9tant l\u2019offre des TCSP caract\u00e9ris\u00e9es par une fr\u00e9quence importante et des mesures d\u2019accompagnement, des lignes suburbaines radiales, en rabattement et renforc\u00e9es aux heures de pointe, puis des lignes de desserte de quartiers avec des fr\u00e9quences plus faibles\u00bb,<\/em> indique la m\u00eame source. Notons que le service de transport collectif par autobus est assur\u00e9 depuis 2004 principalement par M\u2019dina Bus dans le cadre d\u2019un contrat de gestion d\u00e9l\u00e9gu\u00e9 d\u2019une dur\u00e9e de 15 ans sur le p\u00e9rim\u00e8tre de la commune de Casablanca et sa p\u00e9riph\u00e9rie.<\/span><\/p>\n<\/div>\n<p>Auteur: ALM<br \/>\n<a href=\"http:\/\/aujourdhui.ma\/economie\/casa-transports-devoile-le-prestataire-ce-jeudi\">Cliquez ici pour lire l&rsquo;article depuis sa source.<\/a><\/p>\n","protected":false},"excerpt":{"rendered":"<p>Publi\u00e9 par ALM Date\u00a0:mai 09, 2019 dans:Economie 3Vues Attribution du contrat d\u2019exploitation du r\u00e9seau de bus \u00abL\u2019\u00e9tablissement de coop\u00e9ration intercommunale \u00abAl Baida\u00bb proc\u00e9dera le jeudi 9 mai 2019 \u00e0 10h \u00e0 la r\u00e9ception et \u00e0 l\u2019enregistrement des dossiers de pr\u00e9s\u00e9lection relatifs \u00e0 l\u2019appel d\u2019offres ouvert, du contrat d\u2019exploitation du r\u00e9seau de bus dans l\u2019enceinte du [&hellip;]<\/p>\n","protected":false},"author":1759,"featured_media":0,"comment_status":"closed","ping_status":"closed","sticky":false,"template":"","format":"standard","meta":{"fifu_image_url":"","fifu_image_alt":"","footnotes":""},"categories":[73,54],"tags":[],"class_list":["post-33155","post","type-post","status-publish","format-standard","hentry","category-actualite","category-maroc"],"_links":{"self":[{"href":"https:\/\/linitiative.ca\/International\/wp-json\/wp\/v2\/posts\/33155","targetHints":{"allow":["GET"]}}],"collection":[{"href":"https:\/\/linitiative.ca\/International\/wp-json\/wp\/v2\/posts"}],"about":[{"href":"https:\/\/linitiative.ca\/International\/wp-json\/wp\/v2\/types\/post"}],"author":[{"embeddable":true,"href":"https:\/\/linitiative.ca\/International\/wp-json\/wp\/v2\/users\/1759"}],"replies":[{"embeddable":true,"href":"https:\/\/linitiative.ca\/International\/wp-json\/wp\/v2\/comments?post=33155"}],"version-history":[{"count":0,"href":"https:\/\/linitiative.ca\/International\/wp-json\/wp\/v2\/posts\/33155\/revisions"}],"wp:attachment":[{"href":"https:\/\/linitiative.ca\/International\/wp-json\/wp\/v2\/media?parent=33155"}],"wp:term":[{"taxonomy":"category","embeddable":true,"href":"https:\/\/linitiative.ca\/International\/wp-json\/wp\/v2\/categories?post=33155"},{"taxonomy":"post_tag","embeddable":true,"href":"https:\/\/linitiative.ca\/International\/wp-json\/wp\/v2\/tags?post=33155"}],"curies":[{"name":"wp","href":"https:\/\/api.w.org\/{rel}","templated":true}]}}