{"id":33157,"date":"2019-05-08T18:48:19","date_gmt":"2019-05-08T22:48:19","guid":{"rendered":"https:\/\/linitiative.ca\/International\/sit-in-a-la-poste-burkina-faso-les-agents-sen-prennent-au-dg\/"},"modified":"2019-05-08T18:48:19","modified_gmt":"2019-05-08T22:48:19","slug":"sit-in-a-la-poste-burkina-faso-les-agents-sen-prennent-au-dg","status":"publish","type":"post","link":"https:\/\/linitiative.ca\/International\/sit-in-a-la-poste-burkina-faso-les-agents-sen-prennent-au-dg\/","title":{"rendered":"Sit-in \u00e0 La Poste Burkina Faso: les agents s\u2019en prennent au DG"},"content":{"rendered":"<div class=\"td-post-featured-image\"><a href=\"https:\/\/i0.wp.com\/www.sidwaya.info\/wp-content\/uploads\/2019\/05\/sonapost.jpg?fit=787%2C443&#038;ssl=1\" data-caption=\"\"><img loading=\"lazy\" decoding=\"async\" width=\"696\" height=\"392\" class=\"entry-thumb td-modal-image\" src=\"https:\/\/i0.wp.com\/www.sidwaya.info\/wp-content\/uploads\/2019\/05\/sonapost.jpg?resize=696%2C392&#038;ssl=1\" srcset=\"https:\/\/i0.wp.com\/www.sidwaya.info\/wp-content\/uploads\/2019\/05\/sonapost.jpg?w=787&#038;ssl=1 787w, https:\/\/i0.wp.com\/www.sidwaya.info\/wp-content\/uploads\/2019\/05\/sonapost.jpg?resize=300%2C169&#038;ssl=1 300w, https:\/\/i0.wp.com\/www.sidwaya.info\/wp-content\/uploads\/2019\/05\/sonapost.jpg?resize=768%2C432&#038;ssl=1 768w, https:\/\/i0.wp.com\/www.sidwaya.info\/wp-content\/uploads\/2019\/05\/sonapost.jpg?resize=696%2C392&#038;ssl=1 696w, https:\/\/i0.wp.com\/www.sidwaya.info\/wp-content\/uploads\/2019\/05\/sonapost.jpg?resize=746%2C420&#038;ssl=1 746w\" sizes=\"auto, (max-width: 696px) 100vw, 696px\" alt=\"\" title=\"sonapost\"\/><\/a><\/div>\n<div class=\"td-a-rec td-a-rec-id-content_top td_uid_30_5cd4262050864_rand td_block_template_1\"><img loading=\"lazy\" decoding=\"async\" class=\"aligncenter size-full wp-image-4463\" src=\"https:\/\/www.sidwaya.info\/wp-content\/uploads\/2019\/02\/FESPACO-TOUR-2019-Bannie%CC%80re-728x90-1.jpg\" alt=\"\" width=\"728\" height=\"90\"\/><\/div>\n<p><strong>En Sit-in pour r\u00e9clamer un nouveau statut du personnel, les agents de La Poste Burkina s\u2019en sont pris violemment au directeur g\u00e9n\u00e9ral, Issa Naby Coulibaly, le mercredi 8 mai 2019 au si\u00e8ge de la soci\u00e9t\u00e9 \u00e0 Ouagadougou. Ils l\u2019accusent d\u2019\u00eatre la source de leurs probl\u00e8mes.<\/strong><\/p>\n<p>Ce qui s\u2019est pass\u00e9 \u00e0 La Poste Burkina Faso, hier mercredi 8 mai 2019, rel\u00e8ve d\u2019une sc\u00e8ne plus ou moins surr\u00e9aliste digne d\u2019un film. Le sit-in cens\u00e9 se d\u00e9rouler dans le calme, a vir\u00e9 \u00e0 la violence. En effet, des travailleurs de l\u2019entreprise, remont\u00e9s, s\u2019en sont pris violemment au directeur g\u00e9n\u00e9ral, Issa Naby Coulibaly, \u00e0 son arriv\u00e9e au service. Apr\u00e8s s\u2019\u00eatre install\u00e9 dans son bureau, il a \u00e9t\u00e9 surpris par une foule en col\u00e8re, qui a pris d\u2019assaut les lieux. On lui a retir\u00e9 les cl\u00e9s de sa voiture et de son bureau. Pire, les agents ne sont pas venus n\u00e9gocier avec lui comme ce fut le cas de par le pass\u00e9. Ils ont r\u00e9clam\u00e9 son d\u00e9part, se montrant m\u00eame pr\u00eats \u00e0 en d\u00e9coudre avec lui. Au bout du compte, le DG a \u00e9t\u00e9 somm\u00e9 de lib\u00e9rer les lieux, sans autre forme de proc\u00e8s. \u00abOn l\u2019a remerci\u00e9, on n\u2019a plus besoin de lui\u00bb, a confi\u00e9 Gilbert Goh, secr\u00e9taire g\u00e9n\u00e9ral du Syndicat des travailleurs de La Poste Burkina Faso. Le premier responsable de l\u2019entreprise a d\u00fb quitter les lieux dare-dare, gr\u00e2ce \u00e0 l\u2019aide de la police, pour sauver sa peau.<\/p>\n<p>\u00abJe ne souhaite pas m\u2019exprimer\u00bb, le DG<\/p>\n<p>Pour M. Goh, c\u2019est \u00e0 l\u2019unanimit\u00e9 que les agents ont d\u00e9cid\u00e9 de prendre leurs responsabilit\u00e9s en expulsant leur DG de son bureau. Ils lui reprochent notamment son \u00abincapacit\u00e9\u00bb \u00e0 trouver des solutions idoines \u00e0 leurs pr\u00e9occupations et d\u00e9noncent aussi sa \u00abmauvaise gestion\u00bb. M. Goh a indiqu\u00e9 que la goutte d\u2019eau qui a fait d\u00e9border le vase est le fait que le DG les ait trait\u00e9s avec m\u00e9pris. \u00abIl y a pas mal de frustrations depuis qu\u2019il est l\u00e0\u00bb, indique-t-il. Les agents l\u2019accusent m\u00eame de man\u0153uvrer pour nuire \u00e0 leurs int\u00e9r\u00eats. Certains \u00e9voquent l\u2019\u00e9tablissement d\u2019une liste de gr\u00e9vistes \u00e0 sanctionner, ou des notes \u00abminables (4\/10)\u00bb octroy\u00e9s \u00e0 des chefs de service \u00absous pr\u00e9texte qu\u2019ils ont attribu\u00e9 des notes de complaisance (5\/10)\u00bb \u00e0 leurs agents lors des \u00e9valuations. Quoiqu\u2019il en soit, les agents de La Poste Burkina r\u00e9clament la nomination d\u2019un nouveau DG dans les plus brefs d\u00e9lais. Pour cela, ils comptent aller \u00e0 la rencontre de leur ministre de tutelle. \u00abIl faut que les d\u00e9cideurs trouvent quelqu\u2019un de rassembleur pour mettre \u00e0 la t\u00eate de cette entreprise\u00bb, a averti M. Goh. Pour lui, le d\u00e9part du DG ne signifie pas la fin de leurs soucis. Car, a-t-il pr\u00e9venu, tant que l\u2019affaire du nouveau statut du personnel n\u2019est pas r\u00e9gl\u00e9e, les agents ne baisseront pas les bras. Contact\u00e9, le directeur g\u00e9n\u00e9ral, Issa Naby Coulibaly, s\u2019est montr\u00e9 peu bavard. \u00abJe ne souhaite pas m\u2019exprimer sur le sujet pour l\u2019instant\u00bb, a-t-il confi\u00e9 \u00e0 Sidwaya.<\/p>\n<p>Ouamtinga Michel ILBOUDO<br \/>Omichel20@gmail.com<\/p>\n<div class=\"td-a-rec td-a-rec-id-content_bottom td_uid_31_5cd4262050ac6_rand td_block_template_1\"><img loading=\"lazy\" decoding=\"async\" class=\"alignright size-full wp-image-1724\" src=\"https:\/\/www.sidwaya.info\/wp-content\/uploads\/2018\/12\/sidwaya-pub.jpg\" alt=\"\" width=\"720\" height=\"90\"\/><\/div>\n<p>Auteur: BM. Sidwaya<br \/>\n<a href=\"https:\/\/www.sidwaya.info\/blog\/2019\/05\/08\/sit-in-a-la-poste-burkina-faso-les-agents-sen-prennent-au-dg\/\">Cliquez ici pour lire l&rsquo;article depuis sa source.<\/a><\/p>\n","protected":false},"excerpt":{"rendered":"<p>En Sit-in pour r\u00e9clamer un nouveau statut du personnel, les agents de La Poste Burkina s\u2019en sont pris violemment au directeur g\u00e9n\u00e9ral, Issa Naby Coulibaly, le mercredi 8 mai 2019 au si\u00e8ge de la soci\u00e9t\u00e9 \u00e0 Ouagadougou. Ils l\u2019accusent d\u2019\u00eatre la source de leurs probl\u00e8mes. Ce qui s\u2019est pass\u00e9 \u00e0 La Poste Burkina Faso, hier [&hellip;]<\/p>\n","protected":false},"author":1816,"featured_media":0,"comment_status":"closed","ping_status":"closed","sticky":false,"template":"","format":"standard","meta":{"fifu_image_url":"","fifu_image_alt":"","footnotes":""},"categories":[73,81],"tags":[],"class_list":["post-33157","post","type-post","status-publish","format-standard","hentry","category-actualite","category-burkina-faso"],"_links":{"self":[{"href":"https:\/\/linitiative.ca\/International\/wp-json\/wp\/v2\/posts\/33157","targetHints":{"allow":["GET"]}}],"collection":[{"href":"https:\/\/linitiative.ca\/International\/wp-json\/wp\/v2\/posts"}],"about":[{"href":"https:\/\/linitiative.ca\/International\/wp-json\/wp\/v2\/types\/post"}],"author":[{"embeddable":true,"href":"https:\/\/linitiative.ca\/International\/wp-json\/wp\/v2\/users\/1816"}],"replies":[{"embeddable":true,"href":"https:\/\/linitiative.ca\/International\/wp-json\/wp\/v2\/comments?post=33157"}],"version-history":[{"count":0,"href":"https:\/\/linitiative.ca\/International\/wp-json\/wp\/v2\/posts\/33157\/revisions"}],"wp:attachment":[{"href":"https:\/\/linitiative.ca\/International\/wp-json\/wp\/v2\/media?parent=33157"}],"wp:term":[{"taxonomy":"category","embeddable":true,"href":"https:\/\/linitiative.ca\/International\/wp-json\/wp\/v2\/categories?post=33157"},{"taxonomy":"post_tag","embeddable":true,"href":"https:\/\/linitiative.ca\/International\/wp-json\/wp\/v2\/tags?post=33157"}],"curies":[{"name":"wp","href":"https:\/\/api.w.org\/{rel}","templated":true}]}}