{"id":33158,"date":"2019-05-09T08:18:09","date_gmt":"2019-05-09T12:18:09","guid":{"rendered":"https:\/\/linitiative.ca\/International\/exoneration-des-droits-de-douanes-sur-les-equipements-de-reception-de-la-tnt-gouvernement\/"},"modified":"2019-05-09T08:18:09","modified_gmt":"2019-05-09T12:18:09","slug":"exoneration-des-droits-de-douanes-sur-les-equipements-de-reception-de-la-tnt-gouvernement","status":"publish","type":"post","link":"https:\/\/linitiative.ca\/International\/exoneration-des-droits-de-douanes-sur-les-equipements-de-reception-de-la-tnt-gouvernement\/","title":{"rendered":"Exon\u00e9ration des droits de douanes sur les \u00e9quipements de r\u00e9ception de la TNT (Gouvernement)"},"content":{"rendered":"<div readability=\"32\">\n<p>Publi\u00e9 le 09.05.2019 \u00e0 13h18 par APA News<\/p>\n<\/div>\n<div readability=\"73\">\n<p>Le gouvernement ivoirien a d\u00e9cid\u00e9, mercredi, de l\u2019exon\u00e9ration des droits de douanes et de taxes sur la valeur ajout\u00e9e (TVA), des appareils n\u00e9cessaires \u00e0 la r\u00e9ception de la T\u00e9l\u00e9vision num\u00e9rique terrestre (TNT).\u00a0\u00ab Le processus de migration en cours vers la TNT et \u00a0l\u2019extension d\u00e9finitif du syst\u00e8me \u00a0en vigueur de diffusion analogique fix\u00e9 au 17 juin 2020 par l\u2019Union internationale des t\u00e9l\u00e9communications(UIT) invitent les m\u00e9nages, l\u2019obligation d\u2019acqu\u00e9rir les \u00e9quipements adapt\u00e9s \u00a0\u00e0 la r\u00e9ception du signal en remplacement des analogiques actuels \u00bb, a expliqu\u00e9 au terme du Conseil des ministres hebdomadaire, le ministre de la communication et des m\u00e9dias, Sidi Tour\u00e9, \u00e9galement porte-parole du gouvernement.<\/p>\n<p>Ainsi, \u00ab \u00a0en vue de faciliter aux m\u00e9nages l\u2019acquisition d\u2019\u00e9quipements adapt\u00e9s \u00e0 la r\u00e9ception du signal de la T\u00e9l\u00e9vision Num\u00e9rique Terrestre \u00e0 des prix abordables, le Conseil a d\u00e9cid\u00e9 de l\u2019exon\u00e9ration des droits de douanes et de la TVA sur les d\u00e9codeurs et les antennes n\u00e9cessaires \u00e0 la r\u00e9ception du signal de la TNT diffus\u00e9e \u00e0 partir de la C\u00f4te d\u2019Ivoire \u00bb.<\/p>\n<p>M. Tour\u00e9, a rappel\u00e9 que la C\u00f4te d\u2019Ivoire \u00ab ayant souscrit \u00e0 la d\u00e9marche de r\u00e9ception \u00a0du signal analytique de migration vers la TNT \u00bb.<\/p>\n<p>\u00ab Il fait l\u2019effort d\u2019exon\u00e9rer ces diff\u00e9rents appareillage pour un acc\u00e8s \u00e0 moindre co\u00fbt de la TNT \u00bb, ajoute Sidi Tour\u00e9.<\/p>\n<p><ins data-revive-zoneid=\"9\" data-revive-id=\"10111e19d28d19d031742ee3b0b33eb0\"\/> <\/p>\n<p>\u00ab Pour cette migration, il va falloir acqu\u00e9rir \u00a0des instruments tels que les d\u00e9codeurs, les antennes pour ne pas rester en marge de la d\u00e9marche qui a \u00e9t\u00e9 entreprise dans la sous-r\u00e9gion \u00bb, a conclu le porte-parole du gouvernement.<\/p>\n<p>Le Centre national de la t\u00e9l\u00e9vision num\u00e9rique a \u00e9t\u00e9 inaugur\u00e9, en f\u00e9vrier \u00e0 Abidjan, par le chef du gouvernement ivoirien Amadou Gon Coulibaly, donnant ainsi un coup d\u2019acc\u00e9l\u00e9rateur au processus de lib\u00e9ralisation de l\u2019espace audiovisuel avec le lancement de la t\u00e9l\u00e9vision num\u00e9rique terrestre (TNT).<\/p>\n<\/div>\n<p>Auteur: APA News<br \/>\n<a href=\"https:\/\/www.journalducameroun.com\/fr\/exoneration-des-droits-de-douanes-sur-les-equipements-de-reception-de-la-tnt-gouvernement\/\">Cliquez ici pour lire l&rsquo;article depuis sa source.<\/a><\/p>\n","protected":false},"excerpt":{"rendered":"<p>Publi\u00e9 le 09.05.2019 \u00e0 13h18 par APA News Le gouvernement ivoirien a d\u00e9cid\u00e9, mercredi, de l\u2019exon\u00e9ration des droits de douanes et de taxes sur la valeur ajout\u00e9e (TVA), des appareils n\u00e9cessaires \u00e0 la r\u00e9ception de la T\u00e9l\u00e9vision num\u00e9rique terrestre (TNT).\u00a0\u00ab Le processus de migration en cours vers la TNT et \u00a0l\u2019extension d\u00e9finitif du syst\u00e8me \u00a0en [&hellip;]<\/p>\n","protected":false},"author":1965,"featured_media":0,"comment_status":"closed","ping_status":"closed","sticky":false,"template":"","format":"standard","meta":{"fifu_image_url":"","fifu_image_alt":"","footnotes":""},"categories":[73,82],"tags":[],"class_list":["post-33158","post","type-post","status-publish","format-standard","hentry","category-actualite","category-cameroun"],"_links":{"self":[{"href":"https:\/\/linitiative.ca\/International\/wp-json\/wp\/v2\/posts\/33158","targetHints":{"allow":["GET"]}}],"collection":[{"href":"https:\/\/linitiative.ca\/International\/wp-json\/wp\/v2\/posts"}],"about":[{"href":"https:\/\/linitiative.ca\/International\/wp-json\/wp\/v2\/types\/post"}],"author":[{"embeddable":true,"href":"https:\/\/linitiative.ca\/International\/wp-json\/wp\/v2\/users\/1965"}],"replies":[{"embeddable":true,"href":"https:\/\/linitiative.ca\/International\/wp-json\/wp\/v2\/comments?post=33158"}],"version-history":[{"count":0,"href":"https:\/\/linitiative.ca\/International\/wp-json\/wp\/v2\/posts\/33158\/revisions"}],"wp:attachment":[{"href":"https:\/\/linitiative.ca\/International\/wp-json\/wp\/v2\/media?parent=33158"}],"wp:term":[{"taxonomy":"category","embeddable":true,"href":"https:\/\/linitiative.ca\/International\/wp-json\/wp\/v2\/categories?post=33158"},{"taxonomy":"post_tag","embeddable":true,"href":"https:\/\/linitiative.ca\/International\/wp-json\/wp\/v2\/tags?post=33158"}],"curies":[{"name":"wp","href":"https:\/\/api.w.org\/{rel}","templated":true}]}}