{"id":33163,"date":"2019-05-09T05:45:00","date_gmt":"2019-05-09T09:45:00","guid":{"rendered":"https:\/\/linitiative.ca\/International\/aeronautique-le-retrait-de-bombardier-une-chance-selon-elalamy\/"},"modified":"2019-05-09T05:45:00","modified_gmt":"2019-05-09T09:45:00","slug":"aeronautique-le-retrait-de-bombardier-une-chance-selon-elalamy","status":"publish","type":"post","link":"https:\/\/linitiative.ca\/International\/aeronautique-le-retrait-de-bombardier-une-chance-selon-elalamy\/","title":{"rendered":"A\u00e9ronautique: Le retrait de Bombardier\u2026 une \u00abchance\u00bb  selon Elalamy"},"content":{"rendered":"<div readability=\"39\">\n<p>Plusieurs majors, Airbus, Spirit ou JKM, int\u00e9ress\u00e9es par le rachat de l\u2019usine casablancaise<\/p>\n<p>Un autre projet avec Bombardier dans le pipe<\/p>\n<p>L\u2019a\u00e9ronautique a enregistr\u00e9 une croissance de 22% en 2018<\/p>\n<\/div>\n<div readability=\"115\">\n<div class=\"dnd-atom-wrapper type-image context-sdl_editor_representation atom-align-right\" contenteditable=\"false\" readability=\"35.5\">\n<div class=\"dnd-drop-wrapper image\"><img loading=\"lazy\" decoding=\"async\" typeof=\"foaf:Image\" class=\"img-responsive\" src=\"https:\/\/www.leconomiste.com\/sites\/default\/files\/eco7\/public\/thumbnails\/image\/moulay_hafid_elalamy_011.jpg\" width=\"340\" height=\"294\" alt=\"moulay_hafid_elalamy_011.jpg\" title=\"moulay_hafid_elalamy_011.jpg\"\/><\/div>\n<div class=\"dnd-legend-wrapper\" contenteditable=\"true\" readability=\"16\">\n<p class=\"rtejustify\">\u00abNous avons aujourd\u2019hui 140 \u00e9quipementiers install\u00e9s au Maroc avec une croissance importante du secteur et un taux d\u2019int\u00e9gration de 34%, qui a d\u00e9pass\u00e9 nos attentes, avec des perspectives d\u2019aller au-del\u00e0\u00bb, se f\u00e9licite Moulay Hafid Elalamy, ministre de l\u2019Industrie, de l\u2019Investissement, du Commerce et de l\u2019Economie num\u00e9rique <em>(Ph. F.AL.Nasser)<\/em><\/p>\n<\/div>\n<\/div>\n<p class=\"rtejustify\">\u00abBombardier ne quitte pas, mais sous-traite ses activit\u00e9s au Maroc\u00bb. Toute la diff\u00e9rence est l\u00e0 pour Moulay Hafid Elalamy, ministre de l\u2019Industrie et du Commerce.\u00a0 Tout d\u2019abord, il s\u2019agit selon lui d\u2019une tendance mondiale.<\/p>\n<p class=\"rtejustify\">\u00abTous les gros constructeurs comme Boeing ou Airbus sous-traitent plus de 60% de leurs activit\u00e9s pour se recentrer sur la R&#038;D et l\u2019assemblage\u00bb, pr\u00e9cise Elalamy. Cette op\u00e9ration est au contraire une chance pour le secteur a\u00e9ronautique, estime le ministre.<\/p>\n<p class=\"rtejustify\">Parmi les possibles repreneurs, figurent de gros calibres comme Airbus, l\u2019am\u00e9ricain Spirit ou encore l\u2019anglais JKM. \u00abDans 3 semaines, nous serons fix\u00e9s sur l\u2019identit\u00e9 du repreneur\u00bb, annonce Elalamy, lors d\u2019une conf\u00e9rence de presse visant \u00e0 calmer les inqui\u00e9tudes concernant la d\u00e9cision du constructeur canadien de c\u00e9der deux de ses filiales \u00e0 Casablanca (400 salari\u00e9s) et Belfast (3.500 salari\u00e9s).<\/p>\n<p class=\"rtejustify\">\u00abNous avons aujourd\u2019hui 140 \u00e9quipementiers install\u00e9s au Maroc avec une croissance importante du secteur et un taux d\u2019int\u00e9gration de 34%, qui a d\u00e9pass\u00e9 nos attentes, avec des perspectives d\u2019aller au-del\u00e0 \u00bb, se f\u00e9licite le ministre.<\/p>\n<p class=\"rtejustify\">De son c\u00f4t\u00e9, Hamid Benbrahim El Andaloussi, pr\u00e9sident de Midparc, a soulign\u00e9 que cette cession de Bombardier ne remet pas en cause le d\u00e9veloppement de ses activit\u00e9s, puisque les engagements du constructeur canadien seront tenus et certainement d\u00e9pass\u00e9s vu la qualit\u00e9 des repreneurs potentiels.<\/p>\n<p class=\"rtejustify\">Pour El Andaloussi, cette cession n\u2019affecte en rien les projets de Bombardier au Maroc. \u00abNous travaillons depuis quelques mois sur le projet d\u2019extension de Bombardier au Maroc et notre objectif est qu\u2019elle soit ouverte au printemps de l\u2019ann\u00e9e prochaine\u00bb, annonce Benbrahim.<\/p>\n<p class=\"rtejustify\">Elalamy a m\u00eame laiss\u00e9 entendre qu\u2019un autre projet avec Bombardier \u00e9tait dans le pipe, mais qu\u2019il ne pouvait l\u2019annoncer officiellement avant quelques semaines. \u00abJ\u2019ai rencontr\u00e9 le pr\u00e9sident du groupe Bombardier, il y a 2 semaines, et nous avons convenu d\u2019un 3e d\u00e9veloppement, dont je ne pourrais parler pour le moment\u00bb, a-t-il d\u00e9clar\u00e9.<\/p>\n<p class=\"rtejustify\">En 20 ans, le nombre d\u2019entreprises est pass\u00e9 de 3 \u00e0 140 dans l\u2019industrie a\u00e9ronautique et \u00abaucune n\u2019a quitt\u00e9 le Maroc\u00bb, estime le pr\u00e9sident de Midparc. Le secteur enregistre une croissance annuelle de 18%, soit plus de 3 fois le taux de croissance mondiale. \u00abL\u2019ann\u00e9e 2018 a enregistr\u00e9 une croissance de 22%\u00bb, annonce Benbrahim. Le secteur r\u00e9alise aujourd\u2019hui un taux d\u2019int\u00e9gration de 34%.<\/p>\n<p class=\"rtejustify\">Cette sortie du ministre de l\u2019Industrie et du Commerce\u00a0 intervient \u00e0 quelques jours de l\u2019annonce faite par le constructeur a\u00e9ronautique canadien Bombardier, qui c\u00e8de ses activit\u00e9s au Maroc. Il souhaite se concentrer sur l\u2019assemblage, la R&#038;D et une partie du marketing.<\/p>\n<p class=\"rtejustify\">Le groupe canadien s\u2019est restructur\u00e9 \u00e0 plusieurs reprises en vendant un de ses avions, le CSeries, \u00e0 Airbus qui devient le A-220. Il a \u00e9galement d\u00e9cid\u00e9 de structurer l\u2019ensemble de ses activit\u00e9s en mettant deux de ses usines \u00e0 la vente \u00e0 d\u2019importants et gros sous-traitants a\u00e9ronautiques.<\/p>\n<p class=\"rtejustify\">Pour rappel, le site marocain produit des composantes d\u2019ailes, de nacelles et planchers pour avions r\u00e9gionaux CRJ, des pi\u00e8ces de fuselage ou encore des portes pour jet d\u2019affaires Learjet, ainsi que des sous-ensembles pour divers programmes.<\/p>\n<p class=\"rtejustify\"><em>Aziza EL AFFAS<\/em><\/p>\n<p class=\"rtejustify\">\u00a0<\/p>\n<p class=\"rtejustify\">\u00a0<\/p>\n<\/div>\n<p>Auteur: hlafriqi<br \/>\n<a href=\"https:\/\/www.leconomiste.com\/article\/1044832-aeronautique-le-retrait-de-bombardier-une-chance-selon-elalamy\">Cliquez ici pour lire l&rsquo;article depuis sa source.<\/a><\/p>\n","protected":false},"excerpt":{"rendered":"<p>Plusieurs majors, Airbus, Spirit ou JKM, int\u00e9ress\u00e9es par le rachat de l\u2019usine casablancaise Un autre projet avec Bombardier dans le pipe L\u2019a\u00e9ronautique a enregistr\u00e9 une croissance de 22% en 2018 \u00abNous avons aujourd\u2019hui 140 \u00e9quipementiers install\u00e9s au Maroc avec une croissance importante du secteur et un taux d\u2019int\u00e9gration de 34%, qui a d\u00e9pass\u00e9 nos attentes, [&hellip;]<\/p>\n","protected":false},"author":1763,"featured_media":33167,"comment_status":"closed","ping_status":"closed","sticky":false,"template":"","format":"standard","meta":{"fifu_image_url":"","fifu_image_alt":"","footnotes":""},"categories":[78,54],"tags":[],"class_list":["post-33163","post","type-post","status-publish","format-standard","has-post-thumbnail","hentry","category-economie","category-maroc"],"_links":{"self":[{"href":"https:\/\/linitiative.ca\/International\/wp-json\/wp\/v2\/posts\/33163","targetHints":{"allow":["GET"]}}],"collection":[{"href":"https:\/\/linitiative.ca\/International\/wp-json\/wp\/v2\/posts"}],"about":[{"href":"https:\/\/linitiative.ca\/International\/wp-json\/wp\/v2\/types\/post"}],"author":[{"embeddable":true,"href":"https:\/\/linitiative.ca\/International\/wp-json\/wp\/v2\/users\/1763"}],"replies":[{"embeddable":true,"href":"https:\/\/linitiative.ca\/International\/wp-json\/wp\/v2\/comments?post=33163"}],"version-history":[{"count":0,"href":"https:\/\/linitiative.ca\/International\/wp-json\/wp\/v2\/posts\/33163\/revisions"}],"wp:featuredmedia":[{"embeddable":true,"href":"https:\/\/linitiative.ca\/International\/wp-json\/"}],"wp:attachment":[{"href":"https:\/\/linitiative.ca\/International\/wp-json\/wp\/v2\/media?parent=33163"}],"wp:term":[{"taxonomy":"category","embeddable":true,"href":"https:\/\/linitiative.ca\/International\/wp-json\/wp\/v2\/categories?post=33163"},{"taxonomy":"post_tag","embeddable":true,"href":"https:\/\/linitiative.ca\/International\/wp-json\/wp\/v2\/tags?post=33163"}],"curies":[{"name":"wp","href":"https:\/\/api.w.org\/{rel}","templated":true}]}}