{"id":33169,"date":"2019-05-09T08:18:12","date_gmt":"2019-05-09T12:18:12","guid":{"rendered":"https:\/\/linitiative.ca\/International\/la-presse-beninoise-a-fond-sur-les-decisions-du-conseil-des-ministres\/"},"modified":"2019-05-09T08:18:12","modified_gmt":"2019-05-09T12:18:12","slug":"la-presse-beninoise-a-fond-sur-les-decisions-du-conseil-des-ministres","status":"publish","type":"post","link":"https:\/\/linitiative.ca\/International\/la-presse-beninoise-a-fond-sur-les-decisions-du-conseil-des-ministres\/","title":{"rendered":"La presse b\u00e9ninoise \u00e0 fond sur les d\u00e9cisions du Conseil des ministres"},"content":{"rendered":"<div readability=\"32\">\n<p>Publi\u00e9 le 09.05.2019 \u00e0 13h18 par APA News<\/p>\n<\/div>\n<div readability=\"77\">\n<p>Les journaux b\u00e9ninois de ce jeudi s\u2019int\u00e9ressent principalement aux grandes d\u00e9cisions issues du Conseil des ministres qui s\u2019est r\u00e9uni la veille avec notamment l\u2019\u00e9valuation des d\u00e9g\u00e2ts n\u00e9s des incidents durant les \u00e9lections l\u00e9gislatives du 28 avril dernier.Suite aux actes de vandalisme not\u00e9s durant les \u00e9lections l\u00e9gislatives, La Nation informe qu\u2019 \u00ab un expert (a \u00e9t\u00e9) commis pour \u00e9valuer l\u2019ampleur des d\u00e9g\u00e2ts \u00bb. En effet, souligne le quotidien national, des actes de vandalisme et de barbarie ont \u00e9maill\u00e9 ces \u00e9lections avec entre autres des attaques ciblant des \u00e9difices et infrastructures publics ainsi que des installations priv\u00e9es.<\/p>\n<p>C\u2019est pourquoi, explique Nouvelle Expression, \u00ab le gouvernement prend ses responsabilit\u00e9s \u00bb en demandant une \u00e9valuation des d\u00e9g\u00e2ts. \u00ab Des sp\u00e9cialistes (ont \u00e9t\u00e9) sollicit\u00e9s pour dresser la facture \u00bb, souligne Le Matinal, pr\u00e9cisant qu\u2019il s\u2019agit d\u2019\u00abexperts qualifi\u00e9s dans les domaines de l\u2019immobilier, de l\u2019automobile, de l\u2019industrie, de l\u2019audit et des finances \u00bb.<\/p>\n<p>L\u2019Ev\u00e9nement du Jour en conclut que \u00ab le gouvernement s\u2019engage ainsi \u00e0 d\u00e9dommager les victimes \u00bb l\u00e0 o\u00f9 La Nation note que \u00ab les op\u00e9rations \u00e9lectorales, dans le cadre des l\u00e9gislatives du 28 avril 2019, se sont globalement bien d\u00e9roul\u00e9es dans l\u2019ensemble du pays \u00bb.<\/p>\n<p>Pour sa part, La D\u00e9p\u00eache constate que \u00ab le gouvernement a omis les pertes en vies humaines \u00bb, non sans regretter que l\u2019Etat ne s\u2019int\u00e9resse qu\u2019aux d\u00e9g\u00e2ts mat\u00e9riels alors qu\u2019il est le garant de la s\u00e9curit\u00e9 des personnes et des biens. Cela pousse Point M\u00e9dia \u00e0 se demander si \u00ab les victimes (ne sont pas) oubli\u00e9es par le gouvernement ? \u00bb<\/p>\n<p><ins data-revive-zoneid=\"9\" data-revive-id=\"10111e19d28d19d031742ee3b0b33eb0\"\/> <\/p>\n<p>De son c\u00f4t\u00e9, L\u2019Informateur fait un focus sur le projet de construction du nouveau si\u00e8ge de l\u2019Assembl\u00e9e nationale. Ce journal indique que \u00ab le Conseil des ministres a autoris\u00e9 la contractualisation avec un Cabinet d\u2019Architecture pour la ma\u00eetrise d\u2019\u0153uvre compl\u00e8te du projet de construction \u00bb.<\/p>\n<p>Pour B\u00e9nin Intelligent, en autorisant la construction d\u2019un nouveau si\u00e8ge pour l\u2019Assembl\u00e9e nationale, \u00ab le gouvernement abandonne l\u2019\u00e9l\u00e9phant blanc de Yayi (Boni, ancien pr\u00e9sident de la R\u00e9publique) \u00bb car les travaux de construction de l\u2019ancien si\u00e8ge de l\u2019Assembl\u00e9e nationale sont entach\u00e9s de nombreuses irr\u00e9gularit\u00e9s relev\u00e9es par un audit.<\/p>\n<\/div>\n<p>Auteur: APA News<br \/>\n<a href=\"https:\/\/www.journalducameroun.com\/fr\/la-presse-beninoise-a-fond-sur-les-decisions-du-conseil-des-ministres\/\">Cliquez ici pour lire l&rsquo;article depuis sa source.<\/a><\/p>\n","protected":false},"excerpt":{"rendered":"<p>Publi\u00e9 le 09.05.2019 \u00e0 13h18 par APA News Les journaux b\u00e9ninois de ce jeudi s\u2019int\u00e9ressent principalement aux grandes d\u00e9cisions issues du Conseil des ministres qui s\u2019est r\u00e9uni la veille avec notamment l\u2019\u00e9valuation des d\u00e9g\u00e2ts n\u00e9s des incidents durant les \u00e9lections l\u00e9gislatives du 28 avril dernier.Suite aux actes de vandalisme not\u00e9s durant les \u00e9lections l\u00e9gislatives, La [&hellip;]<\/p>\n","protected":false},"author":1965,"featured_media":0,"comment_status":"closed","ping_status":"closed","sticky":false,"template":"","format":"standard","meta":{"fifu_image_url":"","fifu_image_alt":"","footnotes":""},"categories":[73,82],"tags":[],"class_list":["post-33169","post","type-post","status-publish","format-standard","hentry","category-actualite","category-cameroun"],"_links":{"self":[{"href":"https:\/\/linitiative.ca\/International\/wp-json\/wp\/v2\/posts\/33169","targetHints":{"allow":["GET"]}}],"collection":[{"href":"https:\/\/linitiative.ca\/International\/wp-json\/wp\/v2\/posts"}],"about":[{"href":"https:\/\/linitiative.ca\/International\/wp-json\/wp\/v2\/types\/post"}],"author":[{"embeddable":true,"href":"https:\/\/linitiative.ca\/International\/wp-json\/wp\/v2\/users\/1965"}],"replies":[{"embeddable":true,"href":"https:\/\/linitiative.ca\/International\/wp-json\/wp\/v2\/comments?post=33169"}],"version-history":[{"count":0,"href":"https:\/\/linitiative.ca\/International\/wp-json\/wp\/v2\/posts\/33169\/revisions"}],"wp:attachment":[{"href":"https:\/\/linitiative.ca\/International\/wp-json\/wp\/v2\/media?parent=33169"}],"wp:term":[{"taxonomy":"category","embeddable":true,"href":"https:\/\/linitiative.ca\/International\/wp-json\/wp\/v2\/categories?post=33169"},{"taxonomy":"post_tag","embeddable":true,"href":"https:\/\/linitiative.ca\/International\/wp-json\/wp\/v2\/tags?post=33169"}],"curies":[{"name":"wp","href":"https:\/\/api.w.org\/{rel}","templated":true}]}}