{"id":33170,"date":"2019-05-09T05:05:37","date_gmt":"2019-05-09T09:05:37","guid":{"rendered":"https:\/\/linitiative.ca\/International\/tourisme-en-tunisie-levee-des-restrictions-espagnoles-sur-le-voyage-de-ses-ressortissants\/"},"modified":"2019-05-09T05:05:37","modified_gmt":"2019-05-09T09:05:37","slug":"tourisme-en-tunisie-levee-des-restrictions-espagnoles-sur-le-voyage-de-ses-ressortissants","status":"publish","type":"post","link":"https:\/\/linitiative.ca\/International\/tourisme-en-tunisie-levee-des-restrictions-espagnoles-sur-le-voyage-de-ses-ressortissants\/","title":{"rendered":"Tourisme en Tunisie : Lev\u00e9e des restrictions espagnoles sur le voyage de ses ressortissants"},"content":{"rendered":"<p>La situation s\u00e9curitaire en nette am\u00e9lioration a incit\u00e9 les pays europ\u00e9ens \u00e0 assouplir ou \u00e0 lever les restrictions sur le voyage de leurs ressortissants, dans notre pays. La derni\u00e8re d\u00e9cision en date vient, cette fois-ci de Madrid o\u00f9 le minist\u00e8re espagnol des Affaires \u00e9trang\u00e8res et de la coop\u00e9ration a d\u00e9cid\u00e9 de lever les restrictions de voyage de ses ressortissants en Tunisie et proc\u00e9d\u00e9 au reclassement des gouvernorats de M\u00e9denine et Tataouine de \u00ab zones \u00e0 risques moyens \u00bb \u00e0 \u00ab zones sans risques \u00bb, \u00e0 l\u2019exception des r\u00e9gions limitrophes des fronti\u00e8res avec la Libye.<\/p>\n<p>Les autorit\u00e9s espagnoles ont \u00e9galement supprim\u00e9 les gouvernorats de Tozeur et K\u00e9bili des \u00ab zones \u00e0 risques moyens \u00bb et conseill\u00e9 \u00e0 leurs ressortissants d\u2019adopter la formule du voyage organis\u00e9 en groupes par le biais des agences de voyage, a fait savoir le minist\u00e8re du Tourisme et de l\u2019Artisanat.<\/p>\n<p class=\"dpsp-share-text\">Partager c&rsquo;est aimer!<\/p>\n<div class=\"wp-post-author-wrap wp-post-author-shortcode left\">\n<h3 class=\"awpa-title\"\/>\n<div class=\"wp-post-author\">\n<div class=\"awpa-img awpa-author-block square\"><a href=\"http:\/\/lexpertjournal.net\/fr\/author\/expert\/\"><img loading=\"lazy\" decoding=\"async\" alt=\"\" src=\"http:\/\/2.gravatar.com\/avatar\/56d99be2a6f97af88ccb49fada637fcd?s=150&#038;d=mm&#038;r=g\" srcset=\"http:\/\/2.gravatar.com\/avatar\/56d99be2a6f97af88ccb49fada637fcd?s=300&#038;d=mm&#038;r=g 2x\" class=\"avatar avatar-150 photo\" height=\"150\" width=\"150\"\/><\/a><\/div>\n<\/div>\n<\/div>\n<p>Auteur: L&rsquo;expert<br \/>\n<a href=\"http:\/\/lexpertjournal.net\/fr\/2019\/05\/09\/tourisme-en-tunisie-levee-des-restrictions-espagnoles-sur-le-voyage-de-ses-ressortissants\/\">Cliquez ici pour lire l&rsquo;article depuis sa source.<\/a><\/p>\n","protected":false},"excerpt":{"rendered":"<p>La situation s\u00e9curitaire en nette am\u00e9lioration a incit\u00e9 les pays europ\u00e9ens \u00e0 assouplir ou \u00e0 lever les restrictions sur le voyage de leurs ressortissants, dans notre pays. La derni\u00e8re d\u00e9cision en date vient, cette fois-ci de Madrid o\u00f9 le minist\u00e8re espagnol des Affaires \u00e9trang\u00e8res et de la coop\u00e9ration a d\u00e9cid\u00e9 de lever les restrictions de [&hellip;]<\/p>\n","protected":false},"author":1775,"featured_media":0,"comment_status":"closed","ping_status":"closed","sticky":false,"template":"","format":"standard","meta":{"fifu_image_url":"","fifu_image_alt":"","footnotes":""},"categories":[78,55],"tags":[],"class_list":["post-33170","post","type-post","status-publish","format-standard","hentry","category-economie","category-tunisie"],"_links":{"self":[{"href":"https:\/\/linitiative.ca\/International\/wp-json\/wp\/v2\/posts\/33170","targetHints":{"allow":["GET"]}}],"collection":[{"href":"https:\/\/linitiative.ca\/International\/wp-json\/wp\/v2\/posts"}],"about":[{"href":"https:\/\/linitiative.ca\/International\/wp-json\/wp\/v2\/types\/post"}],"author":[{"embeddable":true,"href":"https:\/\/linitiative.ca\/International\/wp-json\/wp\/v2\/users\/1775"}],"replies":[{"embeddable":true,"href":"https:\/\/linitiative.ca\/International\/wp-json\/wp\/v2\/comments?post=33170"}],"version-history":[{"count":0,"href":"https:\/\/linitiative.ca\/International\/wp-json\/wp\/v2\/posts\/33170\/revisions"}],"wp:attachment":[{"href":"https:\/\/linitiative.ca\/International\/wp-json\/wp\/v2\/media?parent=33170"}],"wp:term":[{"taxonomy":"category","embeddable":true,"href":"https:\/\/linitiative.ca\/International\/wp-json\/wp\/v2\/categories?post=33170"},{"taxonomy":"post_tag","embeddable":true,"href":"https:\/\/linitiative.ca\/International\/wp-json\/wp\/v2\/tags?post=33170"}],"curies":[{"name":"wp","href":"https:\/\/api.w.org\/{rel}","templated":true}]}}