{"id":33177,"date":"2019-05-09T07:55:40","date_gmt":"2019-05-09T11:55:40","guid":{"rendered":"https:\/\/linitiative.ca\/International\/enseignement-les-syndicats-appellent-a-une-greve-nationale-les-14-et-15-mai\/"},"modified":"2019-05-09T07:55:40","modified_gmt":"2019-05-09T11:55:40","slug":"enseignement-les-syndicats-appellent-a-une-greve-nationale-les-14-et-15-mai","status":"publish","type":"post","link":"https:\/\/linitiative.ca\/International\/enseignement-les-syndicats-appellent-a-une-greve-nationale-les-14-et-15-mai\/","title":{"rendered":"Enseignement : Les syndicats appellent \u00e0 une gr\u00e8ve nationale les 14 et 15 mai"},"content":{"rendered":"<header>\n<\/header>\n<div class=\"entry-content clearfix\" readability=\"60\"><img decoding=\"async\" class=\"post_layout_5_img\" src=\"http:\/\/aujourdhui.ma\/wp-content\/uploads\/2019\/05\/syndicats-gre%CC%80ve-nationale-enseignement.jpg?x29840\" alt=\"Enseignement : Les syndicats appellent \u00e0 une gr\u00e8ve nationale les 14 et 15 mai\"\/><\/p>\n<p class=\"p1\"><span class=\"c4\"><strong><em>Ils reprochent \u00e0 la tutelle \u00abune gestion irresponsable\u00bb des dol\u00e9ances du secteur<\/em><\/strong><\/span><span id=\"more-310862\"\/><\/p>\n<p class=\"p1\"><span class=\"s1\">Les<span class=\"Apple-converted-space\">\u00a0<\/span> cinq syndicats les plus repr\u00e9sentatifs du secteur (FNE, UMT, CDT, UGTM et FDT) ont annonc\u00e9 dans un communiqu\u00e9<span class=\"Apple-converted-space\">\u00a0<\/span> des sit-in et des rassemblements nocturnes avec des bougies durant le mois de Ramadan. Ceux-ci seront organis\u00e9s dans plusieurs r\u00e9gions apr\u00e8s les pri\u00e8res de Tarawih.<\/span><\/p>\n<p class=\"p1\"><span class=\"s1\">Ils auront lieu les samedis 11, 18 et 25 mai, indique un communiqu\u00e9 conjoint des cinq syndicats. Au programme figure aussi une gr\u00e8ve g\u00e9n\u00e9rale de<span class=\"Apple-converted-space\">\u00a0<\/span> 48h les mardi 14 et mercredi 15 mai, accompagn\u00e9e de sit-in des sections locales des cinq syndicats devant les directions r\u00e9gionales du minist\u00e8re de l\u2019\u00e9ducation nationale. Elles pr\u00e9voient aussi le port de badge noir tout au long du mois de Ramadan et pendant les jours des prochains examens.<\/span><\/p>\n<p class=\"p1\"><span class=\"s1\">La coordination syndicale reproche au minist\u00e8re de tutelle et au gouvernement <em>\u00abune gestion irresponsable des dol\u00e9ances du secteur\u00bb. La coalition estime que son interlocuteur adopte une \u00abapproche n\u00e9gative\u00bb,<\/em> au lieu d\u2019entamer des \u00abn\u00e9gociation s\u00e9rieuses\u00bb avec les syndicats. Rappelons que le ministre de l\u2019\u00e9ducation nationale avait<span class=\"Apple-converted-space\">\u00a0<\/span> propos\u00e9 la date du 10 mai pour la prochaine r\u00e9union avec les syndicats de l\u2019enseignement les plus repr\u00e9sentatifs et les repr\u00e9sentants des enseignants-cadres des Acad\u00e9mies r\u00e9gionales de l\u2019\u00e9ducation et de la formation (Aref).<\/span><\/p>\n<p class=\"p1\"><span class=\"s1\">Le ministre avait<span class=\"Apple-converted-space\">\u00a0<\/span> affirm\u00e9 \u00e0 plusieurs reprises avoir<span class=\"Apple-converted-space\">\u00a0<\/span> tenu ses promesses \u00e0 travers la suspension de toutes les mesures administratives \u00e0 l\u2019encontre des enseignants-cadres des Acad\u00e9mies r\u00e9gionales de l\u2019\u00e9ducation et de la formation. Ces mesures portent sur la suspension des proc\u00e9dures administratives contre certains enseignants des acad\u00e9mies, le versement des salaires gel\u00e9s, le r\u00e9examen de la situation des enseignants suspendus ainsi que le report du concours de qualification professionnelle pour permettre aux concern\u00e9s de mieux se pr\u00e9parer.<\/span><\/p>\n<\/div>\n<p>Auteur: ALM<br \/>\n<a href=\"http:\/\/aujourdhui.ma\/societe\/enseignement-les-syndicats-appellent-a-une-greve-nationale-les-14-et-15-mai\">Cliquez ici pour lire l&rsquo;article depuis sa source.<\/a><\/p>\n","protected":false},"excerpt":{"rendered":"<p>Ils reprochent \u00e0 la tutelle \u00abune gestion irresponsable\u00bb des dol\u00e9ances du secteur Les\u00a0 cinq syndicats les plus repr\u00e9sentatifs du secteur (FNE, UMT, CDT, UGTM et FDT) ont annonc\u00e9 dans un communiqu\u00e9\u00a0 des sit-in et des rassemblements nocturnes avec des bougies durant le mois de Ramadan. Ceux-ci seront organis\u00e9s dans plusieurs r\u00e9gions apr\u00e8s les pri\u00e8res de [&hellip;]<\/p>\n","protected":false},"author":1759,"featured_media":0,"comment_status":"closed","ping_status":"closed","sticky":false,"template":"","format":"standard","meta":{"fifu_image_url":"","fifu_image_alt":"","footnotes":""},"categories":[73,54],"tags":[],"class_list":["post-33177","post","type-post","status-publish","format-standard","hentry","category-actualite","category-maroc"],"_links":{"self":[{"href":"https:\/\/linitiative.ca\/International\/wp-json\/wp\/v2\/posts\/33177","targetHints":{"allow":["GET"]}}],"collection":[{"href":"https:\/\/linitiative.ca\/International\/wp-json\/wp\/v2\/posts"}],"about":[{"href":"https:\/\/linitiative.ca\/International\/wp-json\/wp\/v2\/types\/post"}],"author":[{"embeddable":true,"href":"https:\/\/linitiative.ca\/International\/wp-json\/wp\/v2\/users\/1759"}],"replies":[{"embeddable":true,"href":"https:\/\/linitiative.ca\/International\/wp-json\/wp\/v2\/comments?post=33177"}],"version-history":[{"count":0,"href":"https:\/\/linitiative.ca\/International\/wp-json\/wp\/v2\/posts\/33177\/revisions"}],"wp:attachment":[{"href":"https:\/\/linitiative.ca\/International\/wp-json\/wp\/v2\/media?parent=33177"}],"wp:term":[{"taxonomy":"category","embeddable":true,"href":"https:\/\/linitiative.ca\/International\/wp-json\/wp\/v2\/categories?post=33177"},{"taxonomy":"post_tag","embeddable":true,"href":"https:\/\/linitiative.ca\/International\/wp-json\/wp\/v2\/tags?post=33177"}],"curies":[{"name":"wp","href":"https:\/\/api.w.org\/{rel}","templated":true}]}}