{"id":33180,"date":"2019-05-09T06:33:07","date_gmt":"2019-05-09T10:33:07","guid":{"rendered":"https:\/\/linitiative.ca\/International\/danone-envisage-de-se-retirer-du-maroc-et-de-toute-lafrique-du-nord\/"},"modified":"2019-05-09T06:33:07","modified_gmt":"2019-05-09T10:33:07","slug":"danone-envisage-de-se-retirer-du-maroc-et-de-toute-lafrique-du-nord","status":"publish","type":"post","link":"https:\/\/linitiative.ca\/International\/danone-envisage-de-se-retirer-du-maroc-et-de-toute-lafrique-du-nord\/","title":{"rendered":"DANONE ENVISAGE DE SE RETIRER DU MAROC ET DE TOUTE L\u2019AFRIQUE DU NORD"},"content":{"rendered":"<p>Avec des pertes colossales et des parts de march\u00e9 en baisse constante et vertigineuse \u00e0 ce jour suite \u00e0 la campagne de boycott de ses produits au Maroc dont les tenants et les aboutissements restent inexpliqu\u00e9s , Danone a pris la d\u00e9cision de vendre ses filiales en Afrique du Nord, non seulement au Maroc mais \u00e9galement en Alg\u00e9rie et en Egypte o\u00f9 elles poss\u00e8dent d\u2019autres centres de production importants.L\u2019entreprise fran\u00e7aise, g\u00e9ant mondial de la distribution de lait et de produits d\u00e9riv\u00e9s \u00e9tait jusqu\u2019\u00e0 ce boycott le leader incontest\u00e9 dans le royaume mais a vu son statut fondre au soleil apr\u00e8s avoir tent\u00e9 vainement des op\u00e9rations de sauvetage de son activit\u00e9 qui s\u2019est \u00e9croul\u00e9e.Elle serait actuellement, via un cabinet conseil international, en voie de c\u00e9der son patrimoine et ses moyens de production au fonds de capital investissements, Helios Investment Partners, bas\u00e9 \u00e0 Londres, cr\u00e9e en 2004 et dirig\u00e9 par une \u00e9quipe majoritairement africaine \u00e0 la t\u00eate de laquelle se trouve une financi\u00e8re marocaine, Zineb Abbad El Andaloussi qui pilote personnellement cette op\u00e9ration de rachat.L\u2019\u00e9tat-major de Danone en France a refus\u00e9 de commenter ces contacts et ces n\u00e9gociations en cours tout comme les concurrents directs de cette derni\u00e8re au Maroc. Danone est la seule entreprise, parmi celles vis\u00e9es par le boycott, qui a essuy\u00e9 autant de pertes en peu de temps.<\/p>\n<p>Par Jalil Nouri<\/p>\n<p>Actu-maroc<\/p>\n<p class=\"dpsp-share-text\">Partager c&rsquo;est aimer!<\/p>\n<div class=\"wp-post-author-wrap wp-post-author-shortcode left\">\n<h3 class=\"awpa-title\"\/>\n<div class=\"wp-post-author\">\n<div class=\"awpa-img awpa-author-block square\"><a href=\"http:\/\/lexpertjournal.net\/fr\/author\/expert\/\"><img loading=\"lazy\" decoding=\"async\" alt=\"\" src=\"http:\/\/2.gravatar.com\/avatar\/56d99be2a6f97af88ccb49fada637fcd?s=150&#038;d=mm&#038;r=g\" srcset=\"http:\/\/2.gravatar.com\/avatar\/56d99be2a6f97af88ccb49fada637fcd?s=300&#038;d=mm&#038;r=g 2x\" class=\"avatar avatar-150 photo\" height=\"150\" width=\"150\"\/><\/a><\/div>\n<\/div>\n<\/div>\n<p>Auteur: L&rsquo;expert<br \/>\n<a href=\"http:\/\/lexpertjournal.net\/fr\/2019\/05\/09\/danone-envisage-de-se-retirer-du-maroc-et-de-toute-lafrique-du-nord\/\">Cliquez ici pour lire l&rsquo;article depuis sa source.<\/a><\/p>\n","protected":false},"excerpt":{"rendered":"<p>Avec des pertes colossales et des parts de march\u00e9 en baisse constante et vertigineuse \u00e0 ce jour suite \u00e0 la campagne de boycott de ses produits au Maroc dont les tenants et les aboutissements restent inexpliqu\u00e9s , Danone a pris la d\u00e9cision de vendre ses filiales en Afrique du Nord, non seulement au Maroc mais [&hellip;]<\/p>\n","protected":false},"author":1775,"featured_media":0,"comment_status":"closed","ping_status":"closed","sticky":false,"template":"","format":"standard","meta":{"fifu_image_url":"","fifu_image_alt":"","footnotes":""},"categories":[78,55],"tags":[],"class_list":["post-33180","post","type-post","status-publish","format-standard","hentry","category-economie","category-tunisie"],"_links":{"self":[{"href":"https:\/\/linitiative.ca\/International\/wp-json\/wp\/v2\/posts\/33180","targetHints":{"allow":["GET"]}}],"collection":[{"href":"https:\/\/linitiative.ca\/International\/wp-json\/wp\/v2\/posts"}],"about":[{"href":"https:\/\/linitiative.ca\/International\/wp-json\/wp\/v2\/types\/post"}],"author":[{"embeddable":true,"href":"https:\/\/linitiative.ca\/International\/wp-json\/wp\/v2\/users\/1775"}],"replies":[{"embeddable":true,"href":"https:\/\/linitiative.ca\/International\/wp-json\/wp\/v2\/comments?post=33180"}],"version-history":[{"count":0,"href":"https:\/\/linitiative.ca\/International\/wp-json\/wp\/v2\/posts\/33180\/revisions"}],"wp:attachment":[{"href":"https:\/\/linitiative.ca\/International\/wp-json\/wp\/v2\/media?parent=33180"}],"wp:term":[{"taxonomy":"category","embeddable":true,"href":"https:\/\/linitiative.ca\/International\/wp-json\/wp\/v2\/categories?post=33180"},{"taxonomy":"post_tag","embeddable":true,"href":"https:\/\/linitiative.ca\/International\/wp-json\/wp\/v2\/tags?post=33180"}],"curies":[{"name":"wp","href":"https:\/\/api.w.org\/{rel}","templated":true}]}}