{"id":33181,"date":"2019-05-09T08:08:49","date_gmt":"2019-05-09T12:08:49","guid":{"rendered":"https:\/\/linitiative.ca\/International\/as-far-wydad-un-classico-deux-objectifs-distincts\/"},"modified":"2019-05-09T08:08:49","modified_gmt":"2019-05-09T12:08:49","slug":"as-far-wydad-un-classico-deux-objectifs-distincts","status":"publish","type":"post","link":"https:\/\/linitiative.ca\/International\/as-far-wydad-un-classico-deux-objectifs-distincts\/","title":{"rendered":"AS FAR-Wydad : Un classico, deux objectifs distincts"},"content":{"rendered":"<p><img decoding=\"async\" class=\"post_layout_5_img\" src=\"http:\/\/aujourdhui.ma\/wp-content\/uploads\/2019\/05\/WAC-Vs-FAR.jpg?x29840\" alt=\"AS FAR-Wydad : Un classico, deux objectifs distincts\"\/><\/p>\n<p class=\"p1\"><span class=\"c4\"><strong>Class\u00e9 \u00e0 la 13\u00e8me position avec 30 points, soit \u00e0 4 unit\u00e9s du premier rel\u00e9gable, l\u2019AS FAR est appel\u00e9 plus que jamais \u00e0 se ressaisir.<\/strong><\/span><span id=\"more-310867\"\/><\/p>\n<p class=\"p1\"><span class=\"s1\">Alors que la F\u00e9d\u00e9ration royale marocaine de football lutte contre les actes de vandalisme et l\u2019usage d\u2019engins pyrotechniques, la commission de discipline avait d\u00e9cid\u00e9 de se montrer intransigeante avec toute transgression de ses lois.<\/span><\/p>\n<p class=\"p1\"><span class=\"s1\">Cette m\u00eame commission a inflig\u00e9 un match \u00e0 huis clos ainsi qu\u2019une amende de 70.000 dirhams \u00e0 l\u2019AS FAR dont le public est accus\u00e9 d\u2019avoir allum\u00e9 des fumig\u00e8nes, envahi la pelouse et d\u00e9grad\u00e9 certaines infrastructures du stade.\u00a0<\/span><\/p>\n<p class=\"p1\"><span class=\"s1\">C\u2019est donc dans le silence d\u2019un stade du Prince Moulay Abdellah d\u00e9peupl\u00e9 que le classico opposant le club de la capitale au Wydad casablanca aura lieu ce soir \u00e0 partir de 21h30.<\/span><\/p>\n<p class=\"p1\"><span class=\"s1\">Ce choc rev\u00eat une importance capitale pour les deux protagonistes du soir. Leader incontest\u00e9 avec 53 points, le Wydad est plus proche que jamais d\u2019un 20\u00e8me titre. Ragaillardi par leur qualification \u00e0 la finale de la Ligue des champions d\u2019Afrique, l\u2019occasion se pr\u00e9sente pour faire un pas de plus vers le titre au d\u00e9triment d\u2019une formation militaire qui bat de l\u2019aile.<\/span><\/p>\n<p class=\"p1\"><span class=\"s1\">Il faut dire que la situation actuelle du club n\u2019augure rien de bon. Class\u00e9 \u00e0 la 13\u00e8me position avec 30 points, soit \u00e0 4 unit\u00e9s du premier rel\u00e9gable, l\u2019AS FAR est appel\u00e9 plus que jamais \u00e0 se ressaisir pour \u00e9viter de sortir la calculette. Afin d\u2019installer un climat de stabilit\u00e9 et redonner confiance \u00e0 la fois aux joueurs et au staff technique, la direction du club a d\u00e9cid\u00e9 de prolonger le contrat du coach espagnol Carlos Alos. Bien que les r\u00e9sultats n\u00e9gatifs enregistr\u00e9s ne soient pas en faveur de l\u2019entra\u00eeneur, la direction a jug\u00e9 utile de lui accorder sa confiance jusqu\u2019en 2021<\/span><\/p>\n<p class=\"p1\"><span class=\"s1\">L\u2019entra\u00eeneur n\u2019a d\u2019ailleurs pas cach\u00e9 sa joie et s\u2019est exprim\u00e9 sur son compte twitter. <em>\u00abTr\u00e8s heureux de renouer avec l\u2019ASFAR Rabat. Totalement engag\u00e9 dans ce club, pour le pr\u00e9sent et surtout pour l\u2019avenir\u00bb,<\/em> a t-il soulign\u00e9.<\/span><\/p>\n<p class=\"p1\"><span class=\"s1\">La rencontre contre le Wydad est donc celle \u00e0 ne pas perdre. D\u2019abord pour permettre \u00e0 son \u00e9quipe de s\u2019\u00e9loigner de la zone de danger mais aussi pour prouver que la confiance du club a \u00e9t\u00e9 bien plac\u00e9e. Le moment est donc propice pour l\u2019AS FAR pour stopper l\u2019hemorragie et renouer avec la victoire apr\u00e8s sept journ\u00e9es : trois nuls et quatre d\u00e9faites.<\/span><\/p>\n<p class=\"p1\"><span class=\"s1\">Une d\u00e9faite suppl\u00e9mentaire sonnera le glas de ce grand club. Tout porte \u00e0 croire que le match sera intens\u00e9ment disput\u00e9. Chaque formation pr\u00eachera pour sa paroisse.<\/span><\/p>\n<p class=\"p1\"><span class=\"s1\">Le Wydad, le moral au beau fixe, profitera de l\u2019absence du public pour asseoir sa domination. Ainsi, entre l\u2019envie du sacre et la peur de rel\u00e9gation tout se jouera.<\/span><\/p>\n<p>Auteur: ALM<br \/>\n<a href=\"http:\/\/aujourdhui.ma\/sports\/as-far-wydad-un-classico-deux-objectifs-distincts\">Cliquez ici pour lire l&rsquo;article depuis sa source.<\/a><\/p>\n","protected":false},"excerpt":{"rendered":"<p>Class\u00e9 \u00e0 la 13\u00e8me position avec 30 points, soit \u00e0 4 unit\u00e9s du premier rel\u00e9gable, l\u2019AS FAR est appel\u00e9 plus que jamais \u00e0 se ressaisir. Alors que la F\u00e9d\u00e9ration royale marocaine de football lutte contre les actes de vandalisme et l\u2019usage d\u2019engins pyrotechniques, la commission de discipline avait d\u00e9cid\u00e9 de se montrer intransigeante avec toute [&hellip;]<\/p>\n","protected":false},"author":1759,"featured_media":0,"comment_status":"closed","ping_status":"closed","sticky":false,"template":"","format":"standard","meta":{"fifu_image_url":"","fifu_image_alt":"","footnotes":""},"categories":[73,54],"tags":[],"class_list":["post-33181","post","type-post","status-publish","format-standard","hentry","category-actualite","category-maroc"],"_links":{"self":[{"href":"https:\/\/linitiative.ca\/International\/wp-json\/wp\/v2\/posts\/33181","targetHints":{"allow":["GET"]}}],"collection":[{"href":"https:\/\/linitiative.ca\/International\/wp-json\/wp\/v2\/posts"}],"about":[{"href":"https:\/\/linitiative.ca\/International\/wp-json\/wp\/v2\/types\/post"}],"author":[{"embeddable":true,"href":"https:\/\/linitiative.ca\/International\/wp-json\/wp\/v2\/users\/1759"}],"replies":[{"embeddable":true,"href":"https:\/\/linitiative.ca\/International\/wp-json\/wp\/v2\/comments?post=33181"}],"version-history":[{"count":0,"href":"https:\/\/linitiative.ca\/International\/wp-json\/wp\/v2\/posts\/33181\/revisions"}],"wp:attachment":[{"href":"https:\/\/linitiative.ca\/International\/wp-json\/wp\/v2\/media?parent=33181"}],"wp:term":[{"taxonomy":"category","embeddable":true,"href":"https:\/\/linitiative.ca\/International\/wp-json\/wp\/v2\/categories?post=33181"},{"taxonomy":"post_tag","embeddable":true,"href":"https:\/\/linitiative.ca\/International\/wp-json\/wp\/v2\/tags?post=33181"}],"curies":[{"name":"wp","href":"https:\/\/api.w.org\/{rel}","templated":true}]}}