{"id":33184,"date":"2019-05-08T19:04:52","date_gmt":"2019-05-08T23:04:52","guid":{"rendered":"https:\/\/linitiative.ca\/International\/le-retour-de-yacouba-isaac-zida-annonce-pour-le-16-septembre-2019\/"},"modified":"2019-05-08T19:04:52","modified_gmt":"2019-05-08T23:04:52","slug":"le-retour-de-yacouba-isaac-zida-annonce-pour-le-16-septembre-2019","status":"publish","type":"post","link":"https:\/\/linitiative.ca\/International\/le-retour-de-yacouba-isaac-zida-annonce-pour-le-16-septembre-2019\/","title":{"rendered":"Le retour de Yacouba Isaac Zida annonc\u00e9 pour le 16 septembre 2019"},"content":{"rendered":"<div class=\"td-post-featured-image\"><a href=\"https:\/\/i2.wp.com\/www.sidwaya.info\/wp-content\/uploads\/2019\/05\/mpresca09.jpg?fit=787%2C443&#038;ssl=1\" data-caption=\"\"><img loading=\"lazy\" decoding=\"async\" width=\"696\" height=\"392\" class=\"entry-thumb td-modal-image\" src=\"https:\/\/i2.wp.com\/www.sidwaya.info\/wp-content\/uploads\/2019\/05\/mpresca09.jpg?resize=696%2C392&#038;ssl=1\" srcset=\"https:\/\/i2.wp.com\/www.sidwaya.info\/wp-content\/uploads\/2019\/05\/mpresca09.jpg?w=787&#038;ssl=1 787w, https:\/\/i2.wp.com\/www.sidwaya.info\/wp-content\/uploads\/2019\/05\/mpresca09.jpg?resize=300%2C169&#038;ssl=1 300w, https:\/\/i2.wp.com\/www.sidwaya.info\/wp-content\/uploads\/2019\/05\/mpresca09.jpg?resize=768%2C432&#038;ssl=1 768w, https:\/\/i2.wp.com\/www.sidwaya.info\/wp-content\/uploads\/2019\/05\/mpresca09.jpg?resize=696%2C392&#038;ssl=1 696w, https:\/\/i2.wp.com\/www.sidwaya.info\/wp-content\/uploads\/2019\/05\/mpresca09.jpg?resize=746%2C420&#038;ssl=1 746w\" sizes=\"auto, (max-width: 696px) 100vw, 696px\" alt=\"\" title=\"mpresca09\"\/><\/a><\/div>\n<div class=\"td-a-rec td-a-rec-id-content_top td_uid_30_5cd426291a634_rand td_block_template_1\"><img loading=\"lazy\" decoding=\"async\" class=\"aligncenter size-full wp-image-4463\" src=\"https:\/\/www.sidwaya.info\/wp-content\/uploads\/2019\/02\/FESPACO-TOUR-2019-Bannie%CC%80re-728x90-1.jpg\" alt=\"\" width=\"728\" height=\"90\"\/><\/div>\n<p><strong>Le Mouvement des peuples citoyens (MPC) a anim\u00e9 le mercredi 8 mai 2019 \u00e0 Ouagadougou, une conf\u00e9rence de presse pour annoncer le retour de Yacouba Isaac Zida en septembre 2019.<\/strong><\/p>\n<p>Le retour au Burkina Faso de l\u2019ex-Premier ministre, Yacouba Isaac Zida, r\u00e9sidant au Canada, est pr\u00e9vu pour le 16 septembre 2019, date correspondant au 4e anniversaire du coup d\u2019Etat de septembre 2015. L\u2019information a \u00e9t\u00e9 donn\u00e9e, le mercredi 8 mai 2019 \u00e0 Ouagadougou, par le Mouvement des peuples citoyens (MPC). Le coordonnateur national du MPC, Idrissa Nogo, a indiqu\u00e9 qu\u2019il a eu un entretien t\u00e9l\u00e9phonique avec M. Zida, apr\u00e8s son interview accord\u00e9e \u00e0 une cha\u00eene de t\u00e9l\u00e9vision internationale, le 27 mars 2019. \u00abNon seulement l\u2019ancien Premier ministre m\u2019a confirm\u00e9 son retour au pays, mais aussi il m\u2019a confi\u00e9 qu\u2019il sera bel et bien candidat \u00e0 la pr\u00e9sidentielle de 2020\u00bb, a d\u00e9clar\u00e9 M. Nogo aux hommes de m\u00e9dias. Le coordonnateur du MPC a, \u00e0 l\u2019occasion, expliqu\u00e9 les raisons qui ont retard\u00e9 le retour de l\u2019ex-Premier ministre au bercail. De son avis, les collaborateurs du chef de l\u2019Etat, Roch Marc Christian Kabor\u00e9, lui avaient demand\u00e9 de faire emprisonner Yacouba Isaac Zida parce qu\u2019il aurait d\u00e9tourn\u00e9 \u00ables fonds sp\u00e9ciaux\u00bb de la Pr\u00e9sidence du Faso sous le pouvoir de Blaise Compaor\u00e9. Autre raison \u00e9voqu\u00e9e, selon le conf\u00e9rencier, l\u2019ancien chef du gouvernement de la Transition politique aurait re\u00e7u des messages de menace d\u2019atteinte \u00e0 son int\u00e9grit\u00e9 physique. La troisi\u00e8me raison avanc\u00e9e par Idrissa Nogo est la d\u00e9sertion en temps de paix et le blanchiment de capitaux et de transfert frauduleux de devises dont se serait rendu coupable M. Zida \u00e0 l\u2019int\u00e9rieur et \u00e0 l\u2019ext\u00e9rieur du Burkina Faso. M. Zida ne craint-il pas d\u2019\u00eatre poursuivi par la justice une fois au pays ? A cette question des journalistes, les responsables ont soutenu qu\u2019il s\u2019agit de \u00abman\u0153uvres politico-judiciaires\u00bb pour \u00e9liminer un potentiel challenger politique. \u00abDes responsables politiques ont \u0153uvr\u00e9 \u00e0 convaincre le pr\u00e9sident du Faso, Roch Marc Christian Kabor\u00e9, que Yacouba Zida, avec l\u2019appui de jeunes militaires, constitue une menace s\u00e9rieuse\u00bb, a martel\u00e9 le porte-parole du MPC. Puis de pr\u00e9ciser que l\u2019ex-Premier ministre Zida a d\u00e9cid\u00e9 de mettre fin \u00e0 cette \u00abcabale\u00bb en prenant l\u2019initiative de rentrer au pays.<\/p>\n<p>Abdoulaye BALBONE<\/p>\n<div class=\"td-a-rec td-a-rec-id-content_bottom td_uid_31_5cd426291a8a0_rand td_block_template_1\"><img loading=\"lazy\" decoding=\"async\" class=\"alignright size-full wp-image-1724\" src=\"https:\/\/www.sidwaya.info\/wp-content\/uploads\/2018\/12\/sidwaya-pub.jpg\" alt=\"\" width=\"720\" height=\"90\"\/><\/div>\n<p>Auteur: BM. Sidwaya<br \/>\n<a href=\"https:\/\/www.sidwaya.info\/blog\/2019\/05\/08\/le-retour-de-yacouba-isaac-zida-annonce-pour-le-16-septembre-2019\/\">Cliquez ici pour lire l&rsquo;article depuis sa source.<\/a><\/p>\n","protected":false},"excerpt":{"rendered":"<p>Le Mouvement des peuples citoyens (MPC) a anim\u00e9 le mercredi 8 mai 2019 \u00e0 Ouagadougou, une conf\u00e9rence de presse pour annoncer le retour de Yacouba Isaac Zida en septembre 2019. Le retour au Burkina Faso de l\u2019ex-Premier ministre, Yacouba Isaac Zida, r\u00e9sidant au Canada, est pr\u00e9vu pour le 16 septembre 2019, date correspondant au 4e [&hellip;]<\/p>\n","protected":false},"author":1816,"featured_media":0,"comment_status":"closed","ping_status":"closed","sticky":false,"template":"","format":"standard","meta":{"fifu_image_url":"","fifu_image_alt":"","footnotes":""},"categories":[73,81],"tags":[],"class_list":["post-33184","post","type-post","status-publish","format-standard","hentry","category-actualite","category-burkina-faso"],"_links":{"self":[{"href":"https:\/\/linitiative.ca\/International\/wp-json\/wp\/v2\/posts\/33184","targetHints":{"allow":["GET"]}}],"collection":[{"href":"https:\/\/linitiative.ca\/International\/wp-json\/wp\/v2\/posts"}],"about":[{"href":"https:\/\/linitiative.ca\/International\/wp-json\/wp\/v2\/types\/post"}],"author":[{"embeddable":true,"href":"https:\/\/linitiative.ca\/International\/wp-json\/wp\/v2\/users\/1816"}],"replies":[{"embeddable":true,"href":"https:\/\/linitiative.ca\/International\/wp-json\/wp\/v2\/comments?post=33184"}],"version-history":[{"count":0,"href":"https:\/\/linitiative.ca\/International\/wp-json\/wp\/v2\/posts\/33184\/revisions"}],"wp:attachment":[{"href":"https:\/\/linitiative.ca\/International\/wp-json\/wp\/v2\/media?parent=33184"}],"wp:term":[{"taxonomy":"category","embeddable":true,"href":"https:\/\/linitiative.ca\/International\/wp-json\/wp\/v2\/categories?post=33184"},{"taxonomy":"post_tag","embeddable":true,"href":"https:\/\/linitiative.ca\/International\/wp-json\/wp\/v2\/tags?post=33184"}],"curies":[{"name":"wp","href":"https:\/\/api.w.org\/{rel}","templated":true}]}}