{"id":33185,"date":"2019-05-09T08:09:05","date_gmt":"2019-05-09T12:09:05","guid":{"rendered":"https:\/\/linitiative.ca\/International\/sports-extremes-hassan-baraka-sapprete-a-livrer-son-ultime-defi-sportif-en-australie\/"},"modified":"2019-05-09T08:09:05","modified_gmt":"2019-05-09T12:09:05","slug":"sports-extremes-hassan-baraka-sapprete-a-livrer-son-ultime-defi-sportif-en-australie","status":"publish","type":"post","link":"https:\/\/linitiative.ca\/International\/sports-extremes-hassan-baraka-sapprete-a-livrer-son-ultime-defi-sportif-en-australie\/","title":{"rendered":"Sports extr\u00eames : Hassan Baraka s\u2019appr\u00eate \u00e0 livrer son ultime d\u00e9fi sportif en Australie"},"content":{"rendered":"<header>\n<\/header>\n<div class=\"entry-content clearfix\" readability=\"63\"><img decoding=\"async\" class=\"post_layout_5_img\" src=\"http:\/\/aujourdhui.ma\/wp-content\/uploads\/2019\/05\/Hassan-Baraka-The-ultimate-Challenge.jpg?x29840\" alt=\"Sports extr\u00eames : Hassan Baraka s\u2019appr\u00eate \u00e0 livrer son ultime d\u00e9fi sportif en Australie\"\/><\/p>\n<p class=\"p1\"><span class=\"s1\"><span class=\"c4\"><strong>Il n\u2019est pas \u00e0 son premier d\u00e9fi mais il s\u2019agit probablement de son dernier. Hassan Baraka est sur le point de r\u00e9aliser son ultime comp\u00e9tition.<\/strong><\/span><\/span> <span id=\"more-310871\"\/><\/p>\n<p class=\"p1\"><span class=\"s1\">Apr\u00e8s avoir hiss\u00e9 le drapeau du Maroc un peu partout dans le monde et r\u00e9cemment \u00e0 Mourmansk en Russie au Championnat du monde de natation en eau glac\u00e9e, le voil\u00e0 qui s\u2019appr\u00eate \u00e0 vivre une nouvelle exp\u00e9rience aussi sensationnelle qu\u2019\u00e9mouvante.<\/span><\/p>\n<p class=\"p1\"><span class=\"s1\">Le champion marocain s\u2019envolera pour l\u2019Australie pour participer du 11 au 13 mai \u00e0 un challenge de taille. Il a \u00e9t\u00e9 s\u00e9lectionn\u00e9 parmi 50 participants internationaux pour s\u2019aligner sur la ligne de d\u00e9part de l\u2019ultra triathlon-Ultraman (10 km natation, 421 km v\u00e9lo et 84 km de course \u00e0 pied) \u00e0 r\u00e9aliser en un temps maximum de 36 heures.<\/span><\/p>\n<p class=\"p1\"><span class=\"s1\">Il est \u00e0 noter que le triathlon est en plein essor au Maroc avec plusieurs centaines de Marocains pratiquant le triple effort et participant \u00e0 plusieurs comp\u00e9titions de la discipline au sein du Royaume et \u00e0 l\u2019international.<\/span><\/p>\n<p class=\"p1\"><span class=\"s1\">C\u2019est un sport qui a r\u00e9cemment constitu\u00e9 sa propre f\u00e9d\u00e9ration au Maroc et qui est repr\u00e9sent\u00e9 par le champion marocain Mehdi Essadiq lequel a brill\u00e9 sur la sc\u00e8ne internationale depuis plus d\u2019une dizaine d\u2019ann\u00e9es et r\u00e9cemment premier au Championnat Afrique ayant eu lieu \u00e0 Hammamet en Tunisie et meneur d\u2019une \u00e9quipe nationale masculine tr\u00e8s prometteuse, qui a rafl\u00e9 toutes les m\u00e9dailles du podium de ladite comp\u00e9tition. Aura lieu aussi au mois d\u2019octobre \u00e0 Marrakech une premi\u00e8re comp\u00e9tition d\u2019un Label de triathlon de renom. Ce qui est tr\u00e8s prometteur pour le d\u00e9veloppement de cette discipline. Un sport qui a un bel avenir au Maroc et qui est dignement repr\u00e9sent\u00e9 par ses adeptes \u00e0 l\u2019instar de Hassan Baraka qui puisera dans toutes ses ressources pour venir \u00e0 bout de cette rude \u00e9preuve.<\/span><\/p>\n<p class=\"p1\"><span class=\"s1\">Hassan compte sur le soutien de ses sponsors et de son public pour surmonter ce qu\u2019il a qualifi\u00e9 d\u2019\u00eatre son ultime challenge. Il souhaite laisser et accompagner la rel\u00e8ve d\u2019apr\u00e8s ses dires sur les r\u00e9seaux sociaux.<\/span><\/p>\n<p class=\"p1\"><span class=\"s1\">Rappelons que l\u2019Ultraman Triathlon ou Ultraman est une comp\u00e9tition de triathlon extr\u00eame cr\u00e9\u00e9e en 1983 sur la Big Island d\u2019Hawa\u00ef par Curtis Tyler. La course est divis\u00e9e en trois \u00e9tapes qui se pratiquent sur trois jours cons\u00e9cutifs, pour un parcours total de 515 kilom\u00e8tres.<\/span><\/p>\n<\/div>\n<p>Auteur: ALM<br \/>\n<a href=\"http:\/\/aujourdhui.ma\/societe\/sports-extremes-hassan-baraka-sapprete-a-livrer-son-ultime-defi-sportif-en-australie\">Cliquez ici pour lire l&rsquo;article depuis sa source.<\/a><\/p>\n","protected":false},"excerpt":{"rendered":"<p>Il n\u2019est pas \u00e0 son premier d\u00e9fi mais il s\u2019agit probablement de son dernier. Hassan Baraka est sur le point de r\u00e9aliser son ultime comp\u00e9tition. Apr\u00e8s avoir hiss\u00e9 le drapeau du Maroc un peu partout dans le monde et r\u00e9cemment \u00e0 Mourmansk en Russie au Championnat du monde de natation en eau glac\u00e9e, le voil\u00e0 [&hellip;]<\/p>\n","protected":false},"author":1759,"featured_media":0,"comment_status":"closed","ping_status":"closed","sticky":false,"template":"","format":"standard","meta":{"fifu_image_url":"","fifu_image_alt":"","footnotes":""},"categories":[73,54],"tags":[],"class_list":["post-33185","post","type-post","status-publish","format-standard","hentry","category-actualite","category-maroc"],"_links":{"self":[{"href":"https:\/\/linitiative.ca\/International\/wp-json\/wp\/v2\/posts\/33185","targetHints":{"allow":["GET"]}}],"collection":[{"href":"https:\/\/linitiative.ca\/International\/wp-json\/wp\/v2\/posts"}],"about":[{"href":"https:\/\/linitiative.ca\/International\/wp-json\/wp\/v2\/types\/post"}],"author":[{"embeddable":true,"href":"https:\/\/linitiative.ca\/International\/wp-json\/wp\/v2\/users\/1759"}],"replies":[{"embeddable":true,"href":"https:\/\/linitiative.ca\/International\/wp-json\/wp\/v2\/comments?post=33185"}],"version-history":[{"count":0,"href":"https:\/\/linitiative.ca\/International\/wp-json\/wp\/v2\/posts\/33185\/revisions"}],"wp:attachment":[{"href":"https:\/\/linitiative.ca\/International\/wp-json\/wp\/v2\/media?parent=33185"}],"wp:term":[{"taxonomy":"category","embeddable":true,"href":"https:\/\/linitiative.ca\/International\/wp-json\/wp\/v2\/categories?post=33185"},{"taxonomy":"post_tag","embeddable":true,"href":"https:\/\/linitiative.ca\/International\/wp-json\/wp\/v2\/tags?post=33185"}],"curies":[{"name":"wp","href":"https:\/\/api.w.org\/{rel}","templated":true}]}}