{"id":33186,"date":"2019-05-09T06:30:00","date_gmt":"2019-05-09T10:30:00","guid":{"rendered":"https:\/\/linitiative.ca\/International\/casablanca-vue-den-haut-de-la-poesie-dans-lair\/"},"modified":"2019-05-09T06:30:00","modified_gmt":"2019-05-09T10:30:00","slug":"casablanca-vue-den-haut-de-la-poesie-dans-lair","status":"publish","type":"post","link":"https:\/\/linitiative.ca\/International\/casablanca-vue-den-haut-de-la-poesie-dans-lair\/","title":{"rendered":"Casablanca vue d\u2019en haut: De la po\u00e9sie dans l\u2019air"},"content":{"rendered":"<div readability=\"34\">\n<p>Une visite culturelle \u00e0 partir des hauteurs de la ville<\/p>\n<p>Une d\u00e9couverte insolite du patrimoine architectural de la m\u00e9tropole<\/p>\n<\/div>\n<div readability=\"86\">\n<p class=\"rtejustify\">C\u2019est une ballade tr\u00e8s particuli\u00e8re qui a \u00e9t\u00e9 organis\u00e9e dimanche 5 mai \u00e0 Casablanca. Une mani\u00e8re d\u2019aborder la ville d\u2019une fa\u00e7on extr\u00eamement po\u00e9tique, depuis les points de vue remarquables et en hauteur, qu\u2019offrent des int\u00e9rieurs priv\u00e9s ouverts pour l\u2019occasion.<\/p>\n<p class=\"rtejustify\">\u00abCasablanca vue d\u2019en haut\u00bb est une initiative de notre coll\u00e8gue le journaliste et membre de l\u2019association pour la sauvegarde du patrimoine architectural de Casablanca (Casam\u00e9moire),\u00a0 Amine Boushaba, de l\u2019artiste Hassan Darsi et de la critique d\u2019art Florence Renault Darsi, tous deux fondateurs de l\u2019Atelier la Source du lion.<\/p>\n<p class=\"rtejustify\">La ballade patrimoniale et artistique a propos\u00e9 aux amoureux de la ville de prendre de la hauteur (\u00e0 partir de quelques points les plus hauts de la ville) \u00e0 partir de panoramas d\u2019exception. Au programme, visites guid\u00e9es, expositions, rencontres, \u2026 dans une ambiance conviviale pour une promenade dominicale toute en douceur. \u00abL\u2019id\u00e9e est partie d\u2019un d\u00e9fi, celui de prouver qu\u2019on pouvait organiser des \u00e9v\u00e8nements culturels \u00e0 z\u00e9ro dirham\u00bb confie Amine Boushaba.<\/p>\n<p class=\"rtejustify\">\u00abEtant tous les 3 de grands amoureux de la ville, nous avons imagin\u00e9 ce circuit a\u00e9rien, comme une ballade po\u00e9tique, \u00e0 offrir \u00e0 ceux et celles qui partagent notre passion pour la ville\u00bb, poursuit-il. Du 5eme, 11eme, 14eme, 15eme ou 17eme \u00e9tage, les sites visit\u00e9s, choisis avec soin, avaient tous des vues exceptionnelles sur diff\u00e9rentes parties de la m\u00e9tropole, longtemps consid\u00e9r\u00e9e, de par le monde, comme un v\u00e9ritable laboratoire d\u2019architecture du XXe\u00a0 si\u00e8cle.\u00a0<\/p>\n<p class=\"rtejustify\">Les visites \u00e9taient comment\u00e9es par des guides m\u00e9diateurs, des expositions, performances et projections \u00e9taient \u00e9galement organis\u00e9es dans les diff\u00e9rents sites visit\u00e9s.\u00a0 Annonc\u00e9 sur Facebook, l\u2019\u00e9v\u00e8nement, gratuit, a \u00e9t\u00e9 litt\u00e9ralement pris d\u2019assaut, d\u00e9passant tr\u00e8s largement, d\u00e8s le premier jour, la capacit\u00e9 d\u2019accueil. Seuls les premiers inscrits ont pu b\u00e9n\u00e9ficier du programme, ce qui a pouss\u00e9 les organisateurs \u00e0 r\u00e9fl\u00e9chir aux prochaines \u00e9ditions.<\/p>\n<p class=\"rtejustify\"><em>Jihad RIZK<\/em><\/p>\n<p class=\"rtejustify\">\u00a0<\/p>\n<\/div>\n<p>Auteur: hlafriqi<br \/>\n<a href=\"https:\/\/www.leconomiste.com\/article\/1044848-casablanca-vue-d-en-haut-de-la-poesie-dans-l-air\">Cliquez ici pour lire l&rsquo;article depuis sa source.<\/a><\/p>\n","protected":false},"excerpt":{"rendered":"<p>Une visite culturelle \u00e0 partir des hauteurs de la ville Une d\u00e9couverte insolite du patrimoine architectural de la m\u00e9tropole C\u2019est une ballade tr\u00e8s particuli\u00e8re qui a \u00e9t\u00e9 organis\u00e9e dimanche 5 mai \u00e0 Casablanca. Une mani\u00e8re d\u2019aborder la ville d\u2019une fa\u00e7on extr\u00eamement po\u00e9tique, depuis les points de vue remarquables et en hauteur, qu\u2019offrent des int\u00e9rieurs priv\u00e9s [&hellip;]<\/p>\n","protected":false},"author":1763,"featured_media":0,"comment_status":"closed","ping_status":"closed","sticky":false,"template":"","format":"standard","meta":{"fifu_image_url":"","fifu_image_alt":"","footnotes":""},"categories":[78,54],"tags":[],"class_list":["post-33186","post","type-post","status-publish","format-standard","hentry","category-economie","category-maroc"],"_links":{"self":[{"href":"https:\/\/linitiative.ca\/International\/wp-json\/wp\/v2\/posts\/33186","targetHints":{"allow":["GET"]}}],"collection":[{"href":"https:\/\/linitiative.ca\/International\/wp-json\/wp\/v2\/posts"}],"about":[{"href":"https:\/\/linitiative.ca\/International\/wp-json\/wp\/v2\/types\/post"}],"author":[{"embeddable":true,"href":"https:\/\/linitiative.ca\/International\/wp-json\/wp\/v2\/users\/1763"}],"replies":[{"embeddable":true,"href":"https:\/\/linitiative.ca\/International\/wp-json\/wp\/v2\/comments?post=33186"}],"version-history":[{"count":0,"href":"https:\/\/linitiative.ca\/International\/wp-json\/wp\/v2\/posts\/33186\/revisions"}],"wp:attachment":[{"href":"https:\/\/linitiative.ca\/International\/wp-json\/wp\/v2\/media?parent=33186"}],"wp:term":[{"taxonomy":"category","embeddable":true,"href":"https:\/\/linitiative.ca\/International\/wp-json\/wp\/v2\/categories?post=33186"},{"taxonomy":"post_tag","embeddable":true,"href":"https:\/\/linitiative.ca\/International\/wp-json\/wp\/v2\/tags?post=33186"}],"curies":[{"name":"wp","href":"https:\/\/api.w.org\/{rel}","templated":true}]}}