{"id":33188,"date":"2019-05-09T08:15:38","date_gmt":"2019-05-09T12:15:38","guid":{"rendered":"https:\/\/linitiative.ca\/International\/agadir-et-de-5-pour-le-salon-international-de-pompage-solaire-et-des-energies-vertes\/"},"modified":"2019-05-09T08:15:38","modified_gmt":"2019-05-09T12:15:38","slug":"agadir-et-de-5-pour-le-salon-international-de-pompage-solaire-et-des-energies-vertes","status":"publish","type":"post","link":"https:\/\/linitiative.ca\/International\/agadir-et-de-5-pour-le-salon-international-de-pompage-solaire-et-des-energies-vertes\/","title":{"rendered":"Agadir : Et de 5 pour le Salon international de pompage solaire et des \u00e9nergies vertes"},"content":{"rendered":"<p class=\"p1\"><span class=\"s1\"><span class=\"c4\"><strong>La 5\u00e8me \u00e9dition du Salon international de pompage solaire et des \u00e9nergies vertes (Sipsev) se tiendra \u00e0 Agadir du 19 au 23 juin \u00e0 la place Al-Amal.<\/strong><\/span><\/span> <span id=\"more-310839\"\/><\/p>\n<p class=\"p1\"><span class=\"s1\">Plac\u00e9 sous l\u2019\u00e9gide du minist\u00e8re de l\u2019\u00e9nergie, des mines et du d\u00e9veloppement durable, et<span class=\"Apple-converted-space\">\u00a0<\/span> sponsoris\u00e9 par l\u2019Agence marocaine pour l\u2019efficacit\u00e9 \u00e9nerg\u00e9tique (AMEE), le salon est organis\u00e9 par Hanix Affaires en partenariat avec le Conseil r\u00e9gional Souss-Massa, la commune d\u2019Agadir, les associations professionnelles des \u00e9nergies renouvelables, les universit\u00e9s et la Chambre de commerce, d\u2019industrie et des services. Cet \u00e9v\u00e8nement vise \u00e0 am\u00e9liorer et d\u00e9velopper les diff\u00e9rents volets qui touchent aux \u00e9nergies renouvelables et \u00e0 l\u2019environnement, et pr\u00e9senter les solutions innovantes en approvisionnement en \u00e9nergie verte.<\/span><\/p>\n<p class=\"p1\"><span class=\"s1\">Apr\u00e8s quatre \u00e9ditions r\u00e9ussies, cet espace d\u2019apprentissage et de promotion se voit grandir en ampleur et en exp\u00e9rience pour mieux informer et accompagner les agriculteurs, les professionnels, les institutionnels et les entreprises aux niveaux r\u00e9gional, national et international.<\/span><\/p>\n<p class=\"p1\"><span class=\"s1\">Ce dernier est devenu aujourd\u2019hui un rendez-vous annuel qui permet aux visiteurs et aux petits et moyens agriculteurs non seulement d\u2019am\u00e9liorer leurs rendements et productions tout en \u00e9conomisant l\u2019eau et l\u2019\u00e9nergie mais aussi de p\u00e9renniser un d\u00e9veloppement \u00e9conomique et social \u00e0 l\u2019\u00e9chelle r\u00e9gionale et nationale. Il se veut une plate-forme de r\u00e9seautage pour pr\u00e9senter les projets relatifs \u00e0 ce secteur ainsi que le potentiel du march\u00e9 et les syst\u00e8mes de pompage solaire.<\/span><\/p>\n<p class=\"p1\"><span class=\"s1\"><em>\u00abNous souhaitons pour cette 5\u00e8me \u00e9dition accueillir autant de professionnels, tant nationaux qu\u2019internationaux, dans les syst\u00e8mes de pompage de l\u2019eau, les \u00e9nergies renouvelables et les m\u00e9tiers de l\u2019environnement. Chaque \u00e9dition pour nous est un challenge que nous nous fixons plus haut afin de satisfaire les instituts et les entreprises qui nous ont fait confiance\u00bb,<\/em> souligne Aissam Elfaryati, fondateur et directeur du Sipsev. Dans ses efforts d\u2019ouverture et d\u2019implication panafricaine dans l\u2019adoption des \u00e9nergies vertes, le salon pr\u00e9voit d\u2019accueillir cette ann\u00e9e une d\u00e9l\u00e9gation africaine pour favoriser et faciliter l\u2019\u00e9change des connaissances intracontinentales. Il est pr\u00e9vu de recevoir, \u00e9galement, plus de 45 exposants, notamment des entreprises nationales et internationales, des universit\u00e9s, des \u00e9coles d\u2019enseignement sup\u00e9rieur, des soci\u00e9t\u00e9s civiles et des institutions gouvernementales.<\/span><\/p>\n<p class=\"p1\"><span class=\"s1\">En parall\u00e8le, plusieurs activit\u00e9s sont au programme dont des conf\u00e9rences, des formations, des ateliers, des conventions, des visites-terrain et un forum d\u2019emploi vert.<span class=\"Apple-converted-space\">\u00a0<\/span> D\u2019apr\u00e8s ses initiateurs, \u00ab<em>les objectifs principaux de Sipsev sont la promotion de l\u2019adoption des syst\u00e8mes de pompage solaire, le renforcement des capacit\u00e9s des acteurs concern\u00e9s, la sensibilisation des op\u00e9rateurs et agriculteurs, la promotion des m\u00e9canismes de financement et la contribution \u00e0 la normalisation des installations solaires\u00bb.<\/em><\/span><\/p>\n<p>Auteur: Mohamed Laabid<br \/>\n<a href=\"http:\/\/aujourdhui.ma\/economie\/agadir-et-de-5-pour-le-salon-international-de-pompage-solaire-et-des-energies-vertes\">Cliquez ici pour lire l&rsquo;article depuis sa source.<\/a><\/p>\n","protected":false},"excerpt":{"rendered":"<p>La 5\u00e8me \u00e9dition du Salon international de pompage solaire et des \u00e9nergies vertes (Sipsev) se tiendra \u00e0 Agadir du 19 au 23 juin \u00e0 la place Al-Amal. Plac\u00e9 sous l\u2019\u00e9gide du minist\u00e8re de l\u2019\u00e9nergie, des mines et du d\u00e9veloppement durable, et\u00a0 sponsoris\u00e9 par l\u2019Agence marocaine pour l\u2019efficacit\u00e9 \u00e9nerg\u00e9tique (AMEE), le salon est organis\u00e9 par Hanix [&hellip;]<\/p>\n","protected":false},"author":1759,"featured_media":0,"comment_status":"closed","ping_status":"closed","sticky":false,"template":"","format":"standard","meta":{"fifu_image_url":"","fifu_image_alt":"","footnotes":""},"categories":[73,54],"tags":[],"class_list":["post-33188","post","type-post","status-publish","format-standard","hentry","category-actualite","category-maroc"],"_links":{"self":[{"href":"https:\/\/linitiative.ca\/International\/wp-json\/wp\/v2\/posts\/33188","targetHints":{"allow":["GET"]}}],"collection":[{"href":"https:\/\/linitiative.ca\/International\/wp-json\/wp\/v2\/posts"}],"about":[{"href":"https:\/\/linitiative.ca\/International\/wp-json\/wp\/v2\/types\/post"}],"author":[{"embeddable":true,"href":"https:\/\/linitiative.ca\/International\/wp-json\/wp\/v2\/users\/1759"}],"replies":[{"embeddable":true,"href":"https:\/\/linitiative.ca\/International\/wp-json\/wp\/v2\/comments?post=33188"}],"version-history":[{"count":0,"href":"https:\/\/linitiative.ca\/International\/wp-json\/wp\/v2\/posts\/33188\/revisions"}],"wp:attachment":[{"href":"https:\/\/linitiative.ca\/International\/wp-json\/wp\/v2\/media?parent=33188"}],"wp:term":[{"taxonomy":"category","embeddable":true,"href":"https:\/\/linitiative.ca\/International\/wp-json\/wp\/v2\/categories?post=33188"},{"taxonomy":"post_tag","embeddable":true,"href":"https:\/\/linitiative.ca\/International\/wp-json\/wp\/v2\/tags?post=33188"}],"curies":[{"name":"wp","href":"https:\/\/api.w.org\/{rel}","templated":true}]}}