{"id":33190,"date":"2019-05-09T06:45:00","date_gmt":"2019-05-09T10:45:00","guid":{"rendered":"https:\/\/linitiative.ca\/International\/turquie-un-putsch-contre-les-urnes\/"},"modified":"2019-05-09T06:45:00","modified_gmt":"2019-05-09T10:45:00","slug":"turquie-un-putsch-contre-les-urnes","status":"publish","type":"post","link":"https:\/\/linitiative.ca\/International\/turquie-un-putsch-contre-les-urnes\/","title":{"rendered":"Turquie: Un \u00abputsch contre les urnes\u00bb\u2026"},"content":{"rendered":"<div readability=\"34\">\n<p>Erdogan salue l&rsquo;annulation du scrutin \u00e0 Istanbul<\/p>\n<p>L&rsquo;opposition aff\u00fbte ses armes<\/p>\n<\/div>\n<div readability=\"91\">\n<p class=\"rtejustify\">Le pr\u00e9sident turc Recep Tayyip Erdogan a affich\u00e9 sa satisfaction d&rsquo;avoir obtenu l&rsquo;annulation de l&rsquo;\u00e9lection municipale \u00e0 Istanbul perdue par son parti. Et ce, au moment o\u00f9 l&rsquo;opposition se r\u00e9unit pour \u00e9tablir un plan de bataille.<\/p>\n<p class=\"rtejustify\">Apr\u00e8s un d\u00e9luge de recours du parti islamo-conservateur AKP de Erdogan d\u00e9non\u00e7ant des \u00abirr\u00e9gularit\u00e9s massives\u00bb, le Haut-comit\u00e9 \u00e9lectoral (YSK) a provoqu\u00e9 un s\u00e9isme en annon\u00e7ant l&rsquo;annulation des r\u00e9sultats du scrutin municipal du 31 mars \u00e0 Istanbul.<\/p>\n<p class=\"rtejustify\">\u00abCette d\u00e9cision \u00e9tait la meilleure pour renforcer notre d\u00e9termination \u00e0 r\u00e9soudre nos probl\u00e8mes dans le cadre de la d\u00e9mocratie et du droit et laisser la volont\u00e9 populaire arbitrer\u2026\u00bb, s&rsquo;est f\u00e9licit\u00e9 Erdogan lors d&rsquo;un discours devant ses d\u00e9put\u00e9s \u00e0 Ankara.<\/p>\n<p class=\"rtejustify\">Mais le principal parti d&rsquo;opposition CHP (social-d\u00e9mocrate) a vivement condamn\u00e9 cette d\u00e9cision qui invalide le mandat de son candidat \u00e9lu, Ekrem Imamoglu. Tout en d\u00e9non\u00e7ant un \u00abputsch contre les urnes et une mesure qui enfonce la Turquie dans la dictature\u00bb.<\/p>\n<p class=\"rtejustify\">A l\u2019heure o\u00f9 nous mettions sous presse, Imamoglu devait rencontrer mardi le chef du CHP Kemal Kili\u00e7daroglu et la dirigeante du parti Iyi (droite), Meral Aksener, qui a soutenu sa candidature lors du scrutin du 31 mars, pour discuter de leur strat\u00e9gie.<\/p>\n<p class=\"rtejustify\">La d\u00e9faite en mars de l&rsquo;AKP dans cette m\u00e9galopole qu&rsquo;elle contr\u00f4lait depuis 25 ans a inflig\u00e9 un camouflet sans pr\u00e9c\u00e9dent \u00e0 Erdogan, qui a plusieurs fois d\u00e9clar\u00e9 dans le pass\u00e9 que \u00abcelui qui remporte Istanbul, remporte la Turquie\u00bb.<\/p>\n<p class=\"rtejustify\">Pour faire annuler le scrutin \u00e0 Istanbul, la capitale \u00e9conomique et d\u00e9mographique du pays, l&rsquo;AKP a fait pleuvoir un d\u00e9luge de recours sur les autorit\u00e9s \u00e9lectorales, tandis qu\u2019Erdogan multipliait les appels \u00e0 renouveler les \u00e9lections. Le parti islamo-conservateur a \u00e9galement perdu la capitale Ankara, un revers qui s&rsquo;explique notamment par la temp\u00eate \u00e9conomique qui secoue le pays.<\/p>\n<p class=\"rtejustify\">Le Haut-comit\u00e9 \u00e9lectoral a annonc\u00e9 que le nouveau scrutin pour Istanbul se tiendrait le 23 juin. Il opposera \u00e0 nouveau Imamoglu \u00e0 l&rsquo;ex-Premier ministre Binali Yildirim, le candidat de l&rsquo;AKP qu&rsquo;il avait battu le 31 mars avec moins de 13.000 voix.<\/p>\n<p class=\"rtejustify\">Pour Imamoglu, qui l&rsquo;a emport\u00e9 le 31 mars en d\u00e9pit de conditions de campagne largement d\u00e9s\u00e9quilibr\u00e9es en faveur de son opposant, l&rsquo;annulation du scrutin sonne comme un coup de massue. Malgr\u00e9 tout, il s&rsquo;est voulu rassurant et combatif appelant ses partisans rassembl\u00e9s \u00e0 Istanbul \u00e0 \u00abne pas d\u00e9sesp\u00e9rer\u00bb.<\/p>\n<blockquote readability=\"13\">\n<p class=\"rtecenter\"><strong><span class=\"c3\">Les r\u00e9actions<\/span><\/strong><\/p>\n<div class=\"dnd-atom-wrapper type-image context-sdl_editor_representation atom-align-right\" contenteditable=\"false\">\n<div class=\"dnd-drop-wrapper image\"><img loading=\"lazy\" decoding=\"async\" typeof=\"foaf:Image\" class=\"img-responsive\" src=\"https:\/\/www.leconomiste.com\/sites\/default\/files\/eco7\/public\/thumbnails\/image\/erdogan_011.jpg\" width=\"125\" height=\"170\" alt=\"erdogan_011.jpg\" title=\"erdogan_011.jpg\"\/><\/div>\n<\/div>\n<p class=\"rtejustify\">La d\u00e9cision d&rsquo;annuler le scrutin risque de renforcer les accusations de d\u00e9rive autoritaire contre le pr\u00e9sident Erdogan. Ceci au moment o\u00f9 les organisations de d\u00e9fense des droits humains dressent un portrait de plus en plus sombre de la Turquie depuis le putsch manqu\u00e9 de 2016, suivi de purges massives. Apr\u00e8s la d\u00e9cision du Haut-comit\u00e9 \u00e9lectoral, l&rsquo;Union europ\u00e9enne a exhort\u00e9 les autorit\u00e9s turques \u00e0 permettre \u00e0 des observateurs internationaux de surveiller le nouveau scrutin en juin. L\u2019Allemagne, par la voix de son ministre des Affaires \u00e9trang\u00e8res Heiko Maas, a jug\u00e9 incompr\u00e9hensible une pareille d\u00e9cision qui suscite de surcro\u00eet l&rsquo;inqui\u00e9tude des march\u00e9s. La livre turque s\u2019est d\u00e9pr\u00e9ci\u00e9e ces derniers jours pour \u00e9voluer en d\u00e9but de semaine au-dessus de 6 livres pour 1 dollar (0,89 euro).<\/p>\n<\/blockquote>\n<p class=\"rtejustify\"><em>F. Z. T. avec agences<\/em><\/p>\n<p class=\"rtejustify\">\u00a0<\/p>\n<\/div>\n<p>Auteur: hlafriqi<br \/>\n<a href=\"https:\/\/www.leconomiste.com\/article\/1044850-turquie-un-putsch-contre-les-urnes\">Cliquez ici pour lire l&rsquo;article depuis sa source.<\/a><\/p>\n","protected":false},"excerpt":{"rendered":"<p>Erdogan salue l&rsquo;annulation du scrutin \u00e0 Istanbul L&rsquo;opposition aff\u00fbte ses armes Le pr\u00e9sident turc Recep Tayyip Erdogan a affich\u00e9 sa satisfaction d&rsquo;avoir obtenu l&rsquo;annulation de l&rsquo;\u00e9lection municipale \u00e0 Istanbul perdue par son parti. Et ce, au moment o\u00f9 l&rsquo;opposition se r\u00e9unit pour \u00e9tablir un plan de bataille. Apr\u00e8s un d\u00e9luge de recours du parti islamo-conservateur [&hellip;]<\/p>\n","protected":false},"author":1763,"featured_media":33194,"comment_status":"closed","ping_status":"closed","sticky":false,"template":"","format":"standard","meta":{"fifu_image_url":"","fifu_image_alt":"","footnotes":""},"categories":[78,54],"tags":[],"class_list":["post-33190","post","type-post","status-publish","format-standard","has-post-thumbnail","hentry","category-economie","category-maroc"],"_links":{"self":[{"href":"https:\/\/linitiative.ca\/International\/wp-json\/wp\/v2\/posts\/33190","targetHints":{"allow":["GET"]}}],"collection":[{"href":"https:\/\/linitiative.ca\/International\/wp-json\/wp\/v2\/posts"}],"about":[{"href":"https:\/\/linitiative.ca\/International\/wp-json\/wp\/v2\/types\/post"}],"author":[{"embeddable":true,"href":"https:\/\/linitiative.ca\/International\/wp-json\/wp\/v2\/users\/1763"}],"replies":[{"embeddable":true,"href":"https:\/\/linitiative.ca\/International\/wp-json\/wp\/v2\/comments?post=33190"}],"version-history":[{"count":0,"href":"https:\/\/linitiative.ca\/International\/wp-json\/wp\/v2\/posts\/33190\/revisions"}],"wp:featuredmedia":[{"embeddable":true,"href":"https:\/\/linitiative.ca\/International\/wp-json\/"}],"wp:attachment":[{"href":"https:\/\/linitiative.ca\/International\/wp-json\/wp\/v2\/media?parent=33190"}],"wp:term":[{"taxonomy":"category","embeddable":true,"href":"https:\/\/linitiative.ca\/International\/wp-json\/wp\/v2\/categories?post=33190"},{"taxonomy":"post_tag","embeddable":true,"href":"https:\/\/linitiative.ca\/International\/wp-json\/wp\/v2\/tags?post=33190"}],"curies":[{"name":"wp","href":"https:\/\/api.w.org\/{rel}","templated":true}]}}