{"id":33191,"date":"2019-05-08T19:07:27","date_gmt":"2019-05-08T23:07:27","guid":{"rendered":"https:\/\/linitiative.ca\/International\/sonabel-peut-mieux-faire\/"},"modified":"2019-05-08T19:07:27","modified_gmt":"2019-05-08T23:07:27","slug":"sonabel-peut-mieux-faire","status":"publish","type":"post","link":"https:\/\/linitiative.ca\/International\/sonabel-peut-mieux-faire\/","title":{"rendered":"SONABEL\u00a0: peut mieux faire\u00a0!"},"content":{"rendered":"<div class=\"td-post-featured-image\"><a href=\"https:\/\/i0.wp.com\/www.sidwaya.info\/wp-content\/uploads\/2019\/05\/regard.jpg?fit=489%2C295&#038;ssl=1\" data-caption=\"\"><img loading=\"lazy\" decoding=\"async\" width=\"489\" height=\"295\" class=\"entry-thumb td-modal-image\" src=\"https:\/\/i0.wp.com\/www.sidwaya.info\/wp-content\/uploads\/2019\/05\/regard.jpg?resize=489%2C295&#038;ssl=1\" srcset=\"https:\/\/i0.wp.com\/www.sidwaya.info\/wp-content\/uploads\/2019\/05\/regard.jpg?w=489&#038;ssl=1 489w, https:\/\/i0.wp.com\/www.sidwaya.info\/wp-content\/uploads\/2019\/05\/regard.jpg?resize=300%2C181&#038;ssl=1 300w\" sizes=\"auto, (max-width: 489px) 100vw, 489px\" alt=\"\" title=\"regard\"\/><\/a><\/div>\n<div class=\"td-a-rec td-a-rec-id-content_top td_uid_30_5cd4262ca2e23_rand td_block_template_1\"><img loading=\"lazy\" decoding=\"async\" class=\"aligncenter size-full wp-image-4463\" src=\"https:\/\/www.sidwaya.info\/wp-content\/uploads\/2019\/02\/FESPACO-TOUR-2019-Bannie%CC%80re-728x90-1.jpg\" alt=\"\" width=\"728\" height=\"90\"\/><\/div>\n<p>Il est connu de tous, que les mois de mars \u00e0 mai sont des p\u00e9riodes de canicules au Burkina Faso. La consommation en \u00e9nergie est tr\u00e8s \u00e9lev\u00e9e, au point que la Soci\u00e9t\u00e9 nationale burkinab\u00e8 d\u2019\u00e9lectricit\u00e9 (SONABEL) n\u2019arrive pas \u00e0 satisfaire la demande qui va crescendo d\u2019ann\u00e9e en ann\u00e9e. En d\u00e9pit des efforts d\u00e9ploy\u00e9s par les autorit\u00e9s pour att\u00e9nuer la souffrance des consommateurs qui subissent la \u00abfoudre\u00bb des d\u00e9lestages, le besoin en \u00e9nergie n\u2019est toujours pas encore combl\u00e9. Mais force est de reconna\u00eetre que la situation de la pr\u00e9sente p\u00e9riode chaude est nettement meilleure \u00e0 celle des ann\u00e9es ant\u00e9rieures. Les pannes \u00e9lectriques ne sont plus l\u00e9gion et les d\u00e9lestages ont consid\u00e9rablement diminu\u00e9. Ces acquis sont \u00e0 mettre \u00e0 l\u2019actif du minist\u00e8re en charge de l\u2019\u00e9nergie. Depuis l\u2019ann\u00e9e derni\u00e8re, ce d\u00e9partement a mis en place un programme d\u2019investissement pour rattraper le d\u00e9ficit \u00e9nerg\u00e9tique. Au cours du dernier sommet du Trait\u00e9 d\u2019amiti\u00e9 et de coop\u00e9ration (TAC) entre le Burkina Faso et la C\u00f4te d\u2019Ivoire, tenu \u00e0 Yamoussoukro en juillet 2018, la partie ivoirienne s\u2019\u00e9tait engag\u00e9e \u00e0 accro\u00eetre la fourniture d\u2019\u00e9nergie au pays des Hommes int\u00e8gres, d\u2019une puissance moyenne de 73,37 M\u00e9gawatts (MW), au premier semestre de l\u2019ann\u00e9e, avec pour ambition d\u2019atteindre 90 MW d\u2019ici \u00e0 la fin de la m\u00eame ann\u00e9e. Le vendredi 5 octobre 2018, le pr\u00e9sident burkinab\u00e8, Roch Marc Christian Kabor\u00e9 et son homologue ghan\u00e9en, Nana Akufo-Addo inauguraient la ligne d\u2019interconnexion \u00e9lectrique de 225 kV entre Bolgatanga (Ghana) et Ouagadougou. Des projets d\u2019augmentation de la production au niveau des centrales thermiques sont \u00e9galement en cours. Il s\u2019agit de la construction de la centrale thermique de Fada N\u2019Gourma pour une capacit\u00e9 additionnelle de 7,5 MW et du renforcement de la centrale thermique de Kossodo pour une capacit\u00e9 additionnelle de 50 MW. Dans la m\u00eame logique, le priv\u00e9 est mis \u00e0 contribution pour accro\u00eetre la production \u00e9nerg\u00e9tique. La construction des centrales solaires n\u2019est pas en reste. Les villes de Koudougou et de Kaya abriteront des centrales solaires photovolta\u00efques de puissances respectives de 20 MWc et 10 MWc \u00e0 travers le Projet d\u2019appui au secteur de l\u2019\u00e9lectricit\u00e9 (PASEL). A ce niveau, les dossiers d\u2019appel d\u2019offres ont obtenu l\u2019avis de non-objection. Le processus de s\u00e9lection des constructeurs est lanc\u00e9. En marge de la 3e \u00e9dition de la Semaine des \u00e9nergies et des \u00e9nergies renouvelables d\u2019Afrique (SEERA), le gouvernement, \u00e0 travers le minist\u00e8re de l\u2019Energie et des Producteurs ind\u00e9pendants d\u2019\u00e9lectricit\u00e9 (PIE), a sign\u00e9 une convention pour la fourniture d\u2019une production d\u2019\u00e9nergie solaire de 155 m\u00e9gawatts le 5 avril 2019. Et \u00e0 partir du 15 mai 2019, le r\u00e9seau \u00e9nerg\u00e9tique de la SONABEL se verra renforc\u00e9 d\u2019une puissance de 50 MW, gr\u00e2ce \u00e0 une convention sign\u00e9e entre le gouvernement et le priv\u00e9. Tous ces investissements constituent des solutions qui vont raffermir les options politiques d\u00e9j\u00e0 prises dans l\u2019optique de renforcer la s\u00e9curit\u00e9 \u00e9nerg\u00e9tique du pays. Il appartient au d\u00e9partement de l\u2019Energie de poursuivre dans cette dynamique, car la demande reste toujours forte en t\u00e9moignent les d\u00e9lestages, bien qu\u2019elles soient de courtes dur\u00e9es.<\/p>\n<p>Pat\u00e9n\u00e9ma Oumar OUEDRAOGO<br \/>pathnema@gmail.com<\/p>\n<div class=\"td-a-rec td-a-rec-id-content_bottom td_uid_31_5cd4262ca3090_rand td_block_template_1\"><img loading=\"lazy\" decoding=\"async\" class=\"alignright size-full wp-image-1724\" src=\"https:\/\/www.sidwaya.info\/wp-content\/uploads\/2018\/12\/sidwaya-pub.jpg\" alt=\"\" width=\"720\" height=\"90\"\/><\/div>\n<p>Auteur: BM. Sidwaya<br \/>\n<a href=\"https:\/\/www.sidwaya.info\/blog\/2019\/05\/08\/sonabel-peut-mieux-faire\/\">Cliquez ici pour lire l&rsquo;article depuis sa source.<\/a><\/p>\n","protected":false},"excerpt":{"rendered":"<p>Il est connu de tous, que les mois de mars \u00e0 mai sont des p\u00e9riodes de canicules au Burkina Faso. La consommation en \u00e9nergie est tr\u00e8s \u00e9lev\u00e9e, au point que la Soci\u00e9t\u00e9 nationale burkinab\u00e8 d\u2019\u00e9lectricit\u00e9 (SONABEL) n\u2019arrive pas \u00e0 satisfaire la demande qui va crescendo d\u2019ann\u00e9e en ann\u00e9e. En d\u00e9pit des efforts d\u00e9ploy\u00e9s par les [&hellip;]<\/p>\n","protected":false},"author":1816,"featured_media":0,"comment_status":"closed","ping_status":"closed","sticky":false,"template":"","format":"standard","meta":{"fifu_image_url":"","fifu_image_alt":"","footnotes":""},"categories":[73,81],"tags":[],"class_list":["post-33191","post","type-post","status-publish","format-standard","hentry","category-actualite","category-burkina-faso"],"_links":{"self":[{"href":"https:\/\/linitiative.ca\/International\/wp-json\/wp\/v2\/posts\/33191","targetHints":{"allow":["GET"]}}],"collection":[{"href":"https:\/\/linitiative.ca\/International\/wp-json\/wp\/v2\/posts"}],"about":[{"href":"https:\/\/linitiative.ca\/International\/wp-json\/wp\/v2\/types\/post"}],"author":[{"embeddable":true,"href":"https:\/\/linitiative.ca\/International\/wp-json\/wp\/v2\/users\/1816"}],"replies":[{"embeddable":true,"href":"https:\/\/linitiative.ca\/International\/wp-json\/wp\/v2\/comments?post=33191"}],"version-history":[{"count":0,"href":"https:\/\/linitiative.ca\/International\/wp-json\/wp\/v2\/posts\/33191\/revisions"}],"wp:attachment":[{"href":"https:\/\/linitiative.ca\/International\/wp-json\/wp\/v2\/media?parent=33191"}],"wp:term":[{"taxonomy":"category","embeddable":true,"href":"https:\/\/linitiative.ca\/International\/wp-json\/wp\/v2\/categories?post=33191"},{"taxonomy":"post_tag","embeddable":true,"href":"https:\/\/linitiative.ca\/International\/wp-json\/wp\/v2\/tags?post=33191"}],"curies":[{"name":"wp","href":"https:\/\/api.w.org\/{rel}","templated":true}]}}