{"id":33193,"date":"2019-05-09T09:07:57","date_gmt":"2019-05-09T13:07:57","guid":{"rendered":"https:\/\/linitiative.ca\/International\/wade-decline-linvitation-au-dialogue-politique-de-macky-sall\/"},"modified":"2019-05-09T09:07:57","modified_gmt":"2019-05-09T13:07:57","slug":"wade-decline-linvitation-au-dialogue-politique-de-macky-sall","status":"publish","type":"post","link":"https:\/\/linitiative.ca\/International\/wade-decline-linvitation-au-dialogue-politique-de-macky-sall\/","title":{"rendered":"Wade d\u00e9cline l\u2019invitation au dialogue politique de Macky Sall"},"content":{"rendered":"<div readability=\"32\">\n<p>Publi\u00e9 le 09.05.2019 \u00e0 14h18 par APA News<\/p>\n<\/div>\n<div readability=\"85\">\n<p>Le secr\u00e9taire g\u00e9n\u00e9ral national du Parti d\u00e9mocratique s\u00e9n\u00e9galais (PDS, opposition), l\u2019ex-pr\u00e9sident Abdoulaye Wade (2000 \u2013 2012), a d\u00e9clar\u00e9 dans un communiqu\u00e9 re\u00e7u \u00e0 APA que son parti ne prendrait pas part \u00e0 la \u00ab r\u00e9union de d\u00e9marrage des concertations sur les termes de r\u00e9f\u00e9rence du dialogue politique du chef de l\u2019\u00c9tat \u00bb, ouverte ce jeudi \u00e0 Dakar.\u00ab Si le PDS prend acte de la volont\u00e9 du Chef de l\u2019\u00c9tat Macky Sall d\u2019engager un dialogue politique, il n\u2019est pas acceptable que cette r\u00e9union soit pr\u00e9sid\u00e9e par Aly Ngouille Ndiaye \u00bb, le ministre de l\u2019Int\u00e9rieur, a fait savoir Wade, pr\u00e9cisant que le PDS n\u2019est pas contre le dialogue politique, mais exige qu\u2019une telle r\u00e9union soit pr\u00e9sid\u00e9e par \u00ab une personnalit\u00e9 cr\u00e9dible, neutre, ind\u00e9pendante, consensuelle et respect\u00e9e \u00bb.<\/p>\n<p>Selon Abdoulaye Wade, l\u2019actuel ministre de l\u2019Int\u00e9rieur \u00ab est d\u2019abord disqualifi\u00e9 du fait de son implication dans les scandales \u00e9conomiques et financiers MITTAL et PETROTIM qui ont fait perdre plus de 5.000 milliards de F.CFA au S\u00e9n\u00e9gal et qui auraient certainement pu \u00e9viter le chaos \u00e9conomique et social dans lequel le S\u00e9n\u00e9gal va \u00eatre plong\u00e9 avec l\u2019augmentation prochaine des prix \u00bb.<\/p>\n<p>Un autre point qui impacterait la cr\u00e9dibilit\u00e9 d\u2019Aly Ngouille Ndiaye pour pr\u00e9sider une telle rencontre est qu\u2019\u00ab il a \u00e9t\u00e9 le ma\u00eetre d\u2019\u0153uvre de la fraude \u00e9lectorale massive qu\u2019il a annonc\u00e9e devant la presse et l\u2019opinion en affirmant haut et fort qu\u2019il avait \u00e9t\u00e9 nomm\u00e9 ministre de l\u2018int\u00e9rieur pour faire gagner son patron Macky Sall \u00bb.<\/p>\n<p>Le PDS, bien qu\u2019ayant un candidat lors de la pr\u00e9sidentielle de 2019 en l\u2019occurrence Karim Wade, fils d\u2019Abdoulaye Wade, n\u2019a pu y participer \u00e0 cause des d\u00e9boires judiciaires de ce dernier. Il se trouve en exil au Qatar depuis sa lib\u00e9ration de prison, en 2016, dans le cadre de la traque des biens mal acquis lanc\u00e9e par Macky Sall \u00e0 son arriv\u00e9e au pouvoir en 2012.<\/p>\n<p><ins data-revive-zoneid=\"9\" data-revive-id=\"10111e19d28d19d031742ee3b0b33eb0\"\/> <\/p>\n<p>Pour le secr\u00e9taire g\u00e9n\u00e9ral du PDS, Aly Ngouille Ndiaye est \u00ab le pire ministre de l\u2019Int\u00e9rieur que le S\u00e9n\u00e9gal n\u2019ait jamais eu, le ministre de l\u2019int\u00e9rieur le plus partisan de notre histoire, celui qui a toujours affich\u00e9 ses positions dans le m\u00e9pris le plus total de l\u2019opposition, responsable de l\u2019\u00e9limination arbitraire de notre candidat, de la r\u00e9pression violente de l\u2019opposition s\u00e9n\u00e9galaise et de l\u2019arrestation de certains de ses responsables \u00bb.<\/p>\n<p>Les autres conditions pos\u00e9es par Abdoulaye Wade pour que PDS participe au dialogue politique portent sur \u00ab la lib\u00e9ration imm\u00e9diate de Khalifa Sall et la r\u00e9vision du proc\u00e8s de Karim Wade, en application des d\u00e9cisions de justice internationale condamnant l\u2019\u00c9tat du S\u00e9n\u00e9gal, notamment celle du Comit\u00e9 des Droits de l\u2019Homme des Nations Unies qui prescrit cette r\u00e9vision \u00bb.<\/p>\n<\/div>\n<p>Auteur: APA News<br \/>\n<a href=\"https:\/\/www.journalducameroun.com\/fr\/wade-decline-linvitation-au-dialogue-politique-de-macky-sall\/\">Cliquez ici pour lire l&rsquo;article depuis sa source.<\/a><\/p>\n","protected":false},"excerpt":{"rendered":"<p>Publi\u00e9 le 09.05.2019 \u00e0 14h18 par APA News Le secr\u00e9taire g\u00e9n\u00e9ral national du Parti d\u00e9mocratique s\u00e9n\u00e9galais (PDS, opposition), l\u2019ex-pr\u00e9sident Abdoulaye Wade (2000 \u2013 2012), a d\u00e9clar\u00e9 dans un communiqu\u00e9 re\u00e7u \u00e0 APA que son parti ne prendrait pas part \u00e0 la \u00ab r\u00e9union de d\u00e9marrage des concertations sur les termes de r\u00e9f\u00e9rence du dialogue politique [&hellip;]<\/p>\n","protected":false},"author":1965,"featured_media":0,"comment_status":"closed","ping_status":"closed","sticky":false,"template":"","format":"standard","meta":{"fifu_image_url":"","fifu_image_alt":"","footnotes":""},"categories":[73,82],"tags":[],"class_list":["post-33193","post","type-post","status-publish","format-standard","hentry","category-actualite","category-cameroun"],"_links":{"self":[{"href":"https:\/\/linitiative.ca\/International\/wp-json\/wp\/v2\/posts\/33193","targetHints":{"allow":["GET"]}}],"collection":[{"href":"https:\/\/linitiative.ca\/International\/wp-json\/wp\/v2\/posts"}],"about":[{"href":"https:\/\/linitiative.ca\/International\/wp-json\/wp\/v2\/types\/post"}],"author":[{"embeddable":true,"href":"https:\/\/linitiative.ca\/International\/wp-json\/wp\/v2\/users\/1965"}],"replies":[{"embeddable":true,"href":"https:\/\/linitiative.ca\/International\/wp-json\/wp\/v2\/comments?post=33193"}],"version-history":[{"count":0,"href":"https:\/\/linitiative.ca\/International\/wp-json\/wp\/v2\/posts\/33193\/revisions"}],"wp:attachment":[{"href":"https:\/\/linitiative.ca\/International\/wp-json\/wp\/v2\/media?parent=33193"}],"wp:term":[{"taxonomy":"category","embeddable":true,"href":"https:\/\/linitiative.ca\/International\/wp-json\/wp\/v2\/categories?post=33193"},{"taxonomy":"post_tag","embeddable":true,"href":"https:\/\/linitiative.ca\/International\/wp-json\/wp\/v2\/tags?post=33193"}],"curies":[{"name":"wp","href":"https:\/\/api.w.org\/{rel}","templated":true}]}}