{"id":33196,"date":"2019-05-09T06:32:28","date_gmt":"2019-05-09T10:32:28","guid":{"rendered":"https:\/\/linitiative.ca\/International\/lalgerie-envisage-dautoriser-limportation-des-vehicules-doccasion\/"},"modified":"2019-05-09T06:32:28","modified_gmt":"2019-05-09T10:32:28","slug":"lalgerie-envisage-dautoriser-limportation-des-vehicules-doccasion","status":"publish","type":"post","link":"https:\/\/linitiative.ca\/International\/lalgerie-envisage-dautoriser-limportation-des-vehicules-doccasion\/","title":{"rendered":"L\u2019Alg\u00e9rie envisage d\u2019autoriser l\u2019importation des v\u00e9hicules d\u2019occasion"},"content":{"rendered":"<div class=\"post-cont-in left relative\">\n<div class=\"nc_socialPanel swp_flatFresh swp_d_fullColor swp_i_fullColor swp_o_fullColor scale-100 scale-fullWidth\" data-position=\"none\" data-float=\"floatNone\" data-count=\"5\" data-floatcolor=\"#ffffff\" data-emphasize=\"0\">\n<div class=\"nc_tweetContainer totes totesalt\" data-id=\"6\"><span class=\"swp_count\"><span class=\"swp_label\">Partages<\/span> 0<\/span><\/div>\n<\/div>\n<p>Interdite en 2005 par l\u2019ancien pr\u00e9sident Abdelaziz Bouteflika, l\u2019importation des v\u00e9hicules d\u2019occasion pourrait \u00eatre bien autoris\u00e9e. R\u00e9uni hier sous la pr\u00e9sidence de Bedoui, le conseil du gouvernement a charg\u00e9 les ministres des Finances et du Commerce afin d\u2019\u201d\u00e9laborer une conception sur les m\u00e9canismes juridiques permettant au citoyen d\u2019importer les v\u00e9hicules d\u2019occasion\u201d, selon un communiqu\u00e9 officiel.<\/p>\n<p>Aucun d\u00e9lai n\u2019a \u00e9t\u00e9 fix\u00e9 pour le retour \u00e0 l\u2019importation des v\u00e9hicules usag\u00e9s. En parall\u00e8le, le gouvernement dit avoir pris des d\u00e9cisions \u201cimportantes\u201d visant la r\u00e9duction de la facture annuelle d\u2019importation des kits CKD\/SKD destin\u00e9s au montage des voitures touristiques, et des kits destin\u00e9s \u00e0 la fabrication des produits \u00e9lectrom\u00e9nagers, \u00e9lectroniques et t\u00e9l\u00e9phones mobiles, indique un communique du Premier minist\u00e8re.<\/p>\n<div class=\"code-block code-block-1 c3\"><ins class=\"adsbygoogle c2\" data-ad-layout=\"in-article\" data-ad-format=\"fluid\" data-ad-client=\"ca-pub-2102118777505746\" data-ad-slot=\"7301775417\"\/> <\/div>\n<div class=\"mvp-org-wrap mvp-org-logo\" itemprop=\"publisher\" itemscope=\"\" itemtype=\"https:\/\/schema.org\/Organization\"><img decoding=\"async\" src=\"https:\/\/www.tunisienumerique.com\/wp-content\/uploads\/2017\/02\/logo_tunisie_numerique.png\"\/><\/div>\n<div class=\"nc_socialPanel swp_flatFresh swp_d_fullColor swp_i_fullColor swp_o_fullColor scale-100 scale-fullWidth\" data-position=\"none\" data-float=\"floatNone\" data-count=\"5\" data-floatcolor=\"#ffffff\" data-emphasize=\"0\">\n<div class=\"nc_tweetContainer totes totesalt\" data-id=\"6\"><span class=\"swp_count\"><span class=\"swp_label\">Partages<\/span> 0<\/span><\/div>\n<\/div>\n<div class=\"mvp-related-posts left relative\">\n<h4 class=\"post-header\"><span class=\"post-header\">Lire aussi<\/span><\/h4>\n<\/div>\n<\/div>\n<p>Auteur: Mourad S<br \/>\n<a href=\"https:\/\/www.tunisienumerique.com\/lalgerie-envisage-dautoriser-limportation-des-vehicules-doccasion\/\">Cliquez ici pour lire l&rsquo;article depuis sa source.<\/a><\/p>\n","protected":false},"excerpt":{"rendered":"<p>Partages 0 Interdite en 2005 par l\u2019ancien pr\u00e9sident Abdelaziz Bouteflika, l\u2019importation des v\u00e9hicules d\u2019occasion pourrait \u00eatre bien autoris\u00e9e. R\u00e9uni hier sous la pr\u00e9sidence de Bedoui, le conseil du gouvernement a charg\u00e9 les ministres des Finances et du Commerce afin d\u2019\u201d\u00e9laborer une conception sur les m\u00e9canismes juridiques permettant au citoyen d\u2019importer les v\u00e9hicules d\u2019occasion\u201d, selon un [&hellip;]<\/p>\n","protected":false},"author":1789,"featured_media":33201,"comment_status":"closed","ping_status":"closed","sticky":false,"template":"","format":"standard","meta":{"fifu_image_url":"","fifu_image_alt":"","footnotes":""},"categories":[73,55],"tags":[],"class_list":["post-33196","post","type-post","status-publish","format-standard","has-post-thumbnail","hentry","category-actualite","category-tunisie"],"_links":{"self":[{"href":"https:\/\/linitiative.ca\/International\/wp-json\/wp\/v2\/posts\/33196","targetHints":{"allow":["GET"]}}],"collection":[{"href":"https:\/\/linitiative.ca\/International\/wp-json\/wp\/v2\/posts"}],"about":[{"href":"https:\/\/linitiative.ca\/International\/wp-json\/wp\/v2\/types\/post"}],"author":[{"embeddable":true,"href":"https:\/\/linitiative.ca\/International\/wp-json\/wp\/v2\/users\/1789"}],"replies":[{"embeddable":true,"href":"https:\/\/linitiative.ca\/International\/wp-json\/wp\/v2\/comments?post=33196"}],"version-history":[{"count":0,"href":"https:\/\/linitiative.ca\/International\/wp-json\/wp\/v2\/posts\/33196\/revisions"}],"wp:featuredmedia":[{"embeddable":true,"href":"https:\/\/linitiative.ca\/International\/wp-json\/"}],"wp:attachment":[{"href":"https:\/\/linitiative.ca\/International\/wp-json\/wp\/v2\/media?parent=33196"}],"wp:term":[{"taxonomy":"category","embeddable":true,"href":"https:\/\/linitiative.ca\/International\/wp-json\/wp\/v2\/categories?post=33196"},{"taxonomy":"post_tag","embeddable":true,"href":"https:\/\/linitiative.ca\/International\/wp-json\/wp\/v2\/tags?post=33196"}],"curies":[{"name":"wp","href":"https:\/\/api.w.org\/{rel}","templated":true}]}}