{"id":33197,"date":"2019-05-09T07:00:00","date_gmt":"2019-05-09T11:00:00","guid":{"rendered":"https:\/\/linitiative.ca\/International\/forum-de-paris-commerce-et-dette-au-menu\/"},"modified":"2019-05-09T07:00:00","modified_gmt":"2019-05-09T11:00:00","slug":"forum-de-paris-commerce-et-dette-au-menu","status":"publish","type":"post","link":"https:\/\/linitiative.ca\/International\/forum-de-paris-commerce-et-dette-au-menu\/","title":{"rendered":"Forum de Paris: Commerce et dette au menu"},"content":{"rendered":"<div readability=\"34\">\n<p>Les tensions entre la Chine et les Etats-Unis inqui\u00e8tent<\/p>\n<p>Le FMI salue les avanc\u00e9es de P\u00e9kin sur la transparence de ses pr\u00eats<\/p>\n<\/div>\n<div readability=\"114.964411076\">\n<div class=\"dnd-atom-wrapper type-image context-sdl_editor_representation\" contenteditable=\"false\" readability=\"32.5\">\n<div class=\"dnd-drop-wrapper image\"><img loading=\"lazy\" decoding=\"async\" typeof=\"foaf:Image\" class=\"img-responsive\" src=\"https:\/\/www.leconomiste.com\/sites\/default\/files\/eco7\/public\/thumbnails\/image\/forum-de-paris-011.jpg\" width=\"660\" height=\"330\" alt=\"forum-de-paris-011.jpg\" title=\"forum-de-paris-011.jpg\"\/><\/div>\n<div class=\"dnd-legend-wrapper\" contenteditable=\"true\" readability=\"10\">\n<p>La DG du FMI Christine Lagarde s&rsquo;est f\u00e9licit\u00e9e des avanc\u00e9es de la Chine sur la transparence des pr\u00eats qu&rsquo;elle accorde aux pays en d\u00e9veloppement, souvent d\u00e9cri\u00e9s comme des \u00abpi\u00e8ges de la dette\u00bb <em>(Ph. AFP)<\/em><\/p>\n<\/div>\n<\/div>\n<p class=\"rtejustify\">Il fallait s\u2019y attendre, les tensions commerciales entre la Chine et les Etats-Unis se sont invit\u00e9es au d\u00e9bat du Forum de Paris (7 mai 2019 \u00e0 Bercy). Lequel est consacr\u00e9 en principe \u00e0 une th\u00e9matique de l\u2019endettement des pays en d\u00e9veloppement <a href=\"https:\/\/leconomiste.com\/article\/1044721-comment-briser-la-spirale-de-la-dette\" target=\"_blank\" rel=\"noopener noreferrer\"><span class=\"c3\"><strong><em>(voir aussi \u00abComment briser la spirale de la dette\u00bb, dans notre \u00e9dition N\u00b0 5509 du lundi 6 mai 2019)<\/em><\/strong><\/span><\/a>.<\/p>\n<p class=\"rtejustify\">S\u2019adressant aux participants \u00e0 la conf\u00e9rence de haut niveau, la directrice g\u00e9n\u00e9rale du FMI, Christine Lagarde, a pr\u00e9venu que ces tensions constituaient \u00abla menace pour l&rsquo;\u00e9conomie mondiale\u00bb. Elle a aussi regrett\u00e9 que les r\u00e9cents \u00abrumeurs et tweets ne soient pas tr\u00e8s favorables \u00e0 un accord\u00bb. Chinois et Am\u00e9ricains vont reprendre leurs difficiles n\u00e9gociations commerciales cette semaine \u00e0 Washington.<\/p>\n<p class=\"rtejustify\">Le n\u00e9gociateur chinois Liu He se rendra les 9 et 10 mai dans la capitale am\u00e9ricaine, a annonc\u00e9 le minist\u00e8re chinois du Commerce. La tenue des n\u00e9gociations \u00e9tait incertaine apr\u00e8s la d\u00e9cision <a href=\"https:\/\/leconomiste.com\/archive\/edition\/5510\" target=\"_blank\" rel=\"noopener noreferrer\"><span class=\"c3\"><strong><em>(cf. notre \u00e9dition N\u00b0 5510 du mardi 7 mai 2019)<\/em><\/strong><\/span><\/a> unilat\u00e9rale du pr\u00e9sident am\u00e9ricain Donald Trump de relever les droits de douane sur des produits chinois repr\u00e9sentant 200 milliards de dollars d&rsquo;exportations annuelles, \u00e0 compter du 10 mai.<\/p>\n<p class=\"rtejustify\">Avant d\u2019ouvrir le Forum de Paris, Bruno Le Maire, ministre de l&rsquo;Economie et des Finances, a appel\u00e9 aussi les Etats-Unis et la Chine \u00e0 \u00e9viter des mesures qui mettraient en p\u00e9ril la croissance mondiale. Il a pr\u00e9venu de son c\u00f4t\u00e9 qu&rsquo;une hausse des taxes douani\u00e8res conduirait \u00e0 une impasse et qu\u2019il est imp\u00e9ratif d\u2019\u00e9viter une guerre commerciale.<\/p>\n<p class=\"rtejustify\">\u00abNous suivons tr\u00e8s attentivement les n\u00e9gociations et nous voulons qu&rsquo;elles respectent les principes de transparence et de multilat\u00e9ralisme\u2026\u00bb, a ajout\u00e9 Bruno Le Maire qui estime \u00abqu\u2019augmenter les taxes douani\u00e8res, c&rsquo;est toujours une impasse et une d\u00e9cision n\u00e9gative pour tout le monde\u00bb.<\/p>\n<p class=\"rtejustify\">Par rapport au th\u00e8me de l\u2019endettement, la patronne du FMI a salu\u00e9 les avanc\u00e9es de la Chine vers les principes de soutenabilit\u00e9 de la dette. Ceci, apr\u00e8s l&rsquo;engagement du pr\u00e9sident Xi Jinping pour plus de transparence dans ses pr\u00eats aux pays \u00e9mergents.<\/p>\n<p class=\"rtejustify\">\u00abNous r\u00e9affirmons notre soutien aux principes de transparence et d&rsquo;information sur la dette\u00bb, a ajout\u00e9 Lagarde, r\u00e9agissant aux propos du pr\u00e9sident chinois lors du r\u00e9cent sommet des Nouvelles routes de la soie. Xi Jinping avait alors tent\u00e9 de r\u00e9pondre aux critiques contre son initiative des Nouvelles routes de la soie, accus\u00e9e d&rsquo;\u00eatre un \u00abpi\u00e8ge de la dette\u00bb pour les pays pauvres. \u00abTout doit \u00eatre fait de mani\u00e8re transparente et nous devons avoir une tol\u00e9rance z\u00e9ro pour la corruption\u00bb, a-t-il assur\u00e9.<\/p>\n<p class=\"rtejustify\">Le Forum de Paris est consacr\u00e9 cette ann\u00e9e \u00e0 l&rsquo;endettement croissant et pr\u00e9occupant des pays en d\u00e9veloppement. Il avait pour objectif que \u00ables pays les plus importants de la plan\u00e8te se soumettent aux m\u00eames r\u00e8gles\u00bb, a expliqu\u00e9 Bruno Le Maire lors de l&rsquo;ouverture de la conf\u00e9rence.<\/p>\n<p class=\"rtejustify\">\u00abCela peut conduire \u00e0 l&rsquo;abandon de la souverainet\u00e9 sur certaines infrastructures critiques ou ressources naturelles comme le p\u00e9trole\u00bb, a-t-il expliqu\u00e9 dans une allusion implicite au Sri Lanka, qui, incapable d&rsquo;honorer ses remboursements, a d\u00e9j\u00e0 d\u00fb c\u00e9der \u00e0 P\u00e9kin le contr\u00f4le d&rsquo;un port en eau profonde pour 99 ans.<\/p>\n<p class=\"rtejustify\">L\u2019endettement est d\u00e9j\u00e0 trop \u00e9lev\u00e9 dans certains Etats d\u00e9velopp\u00e9s. \u00abEt la France, qui a vu sa dette passer de 64% \u00e0 plus de 98% de la richesse nationale en 10 ans, doit continuer son effort de r\u00e9tablissement des finances publiques et continuera avec d\u00e9termination et constance les efforts n\u00e9cessaires pour r\u00e9tablir ses finances publiques\u00bb, a indiqu\u00e9 Bruno Le Maire. La part des pays en d\u00e9veloppement, en situation de surendettement, a doubl\u00e9 en 5 ans.<\/p>\n<p class=\"rtejustify\">Les r\u00e9sultats du Forum de Paris organis\u00e9 avec le soutien de la pr\u00e9sidence japonaise du G20 devront alimenter plusieurs r\u00e9unions. Celle des ministres des Finances et des gouverneurs des banques centrales du G20 qui se tiendra \u00e0 Fukuoka les 8 et 9 juin 2019, ainsi que le programme commun du FMI et de la Banque mondiale sur les vuln\u00e9rabilit\u00e9s de la dette.<\/p>\n<blockquote readability=\"16\">\n<p class=\"rtecenter\"><strong><span class=\"c4\">Le patron de la Banque mondiale chez Macron<\/span><\/strong><\/p>\n<p class=\"rtejustify\">Engagement commun pour lutter contre les in\u00e9galit\u00e9s, promouvoir la prosp\u00e9rit\u00e9 et la s\u00e9curit\u00e9 au Sahel ainsi que prot\u00e9ger l\u2019environnement et la biodiversit\u00e9\u2026 Tous ces sujets ont \u00e9t\u00e9 abord\u00e9s par le pr\u00e9sident fran\u00e7ais Emmanuel Macron et David Malpass, pr\u00e9sident du Groupe de la Banque mondiale. Ils ont discut\u00e9 en outre sur la mani\u00e8re d\u2019approfondir la collaboration sur d\u2019autres questions telles que la transparence de la dette, la promotion de la croissance et la lutte contre la pauvret\u00e9 en Afrique subsaharienne, o\u00f9 le nombre de personnes vivant dans une pauvret\u00e9 extr\u00eame est en augmentation.\u00a0 C\u2019est la premi\u00e8re fois que Malpass se rend en France depuis son accession, le 9 avril 2019, \u00e0 la t\u00eate de la Banque mondiale.<\/p>\n<\/blockquote>\n<p class=\"rtejustify\"><em>F. Z. T.<\/em><\/p>\n<\/div>\n<p>Auteur: hlafriqi<br \/>\n<a href=\"https:\/\/www.leconomiste.com\/article\/1044844-forum-de-paris-commerce-et-dette-au-menu\">Cliquez ici pour lire l&rsquo;article depuis sa source.<\/a><\/p>\n","protected":false},"excerpt":{"rendered":"<p>Les tensions entre la Chine et les Etats-Unis inqui\u00e8tent Le FMI salue les avanc\u00e9es de P\u00e9kin sur la transparence de ses pr\u00eats La DG du FMI Christine Lagarde s&rsquo;est f\u00e9licit\u00e9e des avanc\u00e9es de la Chine sur la transparence des pr\u00eats qu&rsquo;elle accorde aux pays en d\u00e9veloppement, souvent d\u00e9cri\u00e9s comme des \u00abpi\u00e8ges de la dette\u00bb (Ph. [&hellip;]<\/p>\n","protected":false},"author":1763,"featured_media":33200,"comment_status":"closed","ping_status":"closed","sticky":false,"template":"","format":"standard","meta":{"fifu_image_url":"","fifu_image_alt":"","footnotes":""},"categories":[78,54],"tags":[],"class_list":["post-33197","post","type-post","status-publish","format-standard","has-post-thumbnail","hentry","category-economie","category-maroc"],"_links":{"self":[{"href":"https:\/\/linitiative.ca\/International\/wp-json\/wp\/v2\/posts\/33197","targetHints":{"allow":["GET"]}}],"collection":[{"href":"https:\/\/linitiative.ca\/International\/wp-json\/wp\/v2\/posts"}],"about":[{"href":"https:\/\/linitiative.ca\/International\/wp-json\/wp\/v2\/types\/post"}],"author":[{"embeddable":true,"href":"https:\/\/linitiative.ca\/International\/wp-json\/wp\/v2\/users\/1763"}],"replies":[{"embeddable":true,"href":"https:\/\/linitiative.ca\/International\/wp-json\/wp\/v2\/comments?post=33197"}],"version-history":[{"count":0,"href":"https:\/\/linitiative.ca\/International\/wp-json\/wp\/v2\/posts\/33197\/revisions"}],"wp:featuredmedia":[{"embeddable":true,"href":"https:\/\/linitiative.ca\/International\/wp-json\/"}],"wp:attachment":[{"href":"https:\/\/linitiative.ca\/International\/wp-json\/wp\/v2\/media?parent=33197"}],"wp:term":[{"taxonomy":"category","embeddable":true,"href":"https:\/\/linitiative.ca\/International\/wp-json\/wp\/v2\/categories?post=33197"},{"taxonomy":"post_tag","embeddable":true,"href":"https:\/\/linitiative.ca\/International\/wp-json\/wp\/v2\/tags?post=33197"}],"curies":[{"name":"wp","href":"https:\/\/api.w.org\/{rel}","templated":true}]}}