{"id":33203,"date":"2019-05-09T06:53:48","date_gmt":"2019-05-09T10:53:48","guid":{"rendered":"https:\/\/linitiative.ca\/International\/malgre-trump-un-nombre-record-de-migrants-ont-ete-interpelles-a-la-frontiere-mexicaine-en-avril\/"},"modified":"2019-05-09T06:53:48","modified_gmt":"2019-05-09T10:53:48","slug":"malgre-trump-un-nombre-record-de-migrants-ont-ete-interpelles-a-la-frontiere-mexicaine-en-avril","status":"publish","type":"post","link":"https:\/\/linitiative.ca\/International\/malgre-trump-un-nombre-record-de-migrants-ont-ete-interpelles-a-la-frontiere-mexicaine-en-avril\/","title":{"rendered":"Malgr\u00e9 Trump, un nombre record de migrants ont \u00e9t\u00e9 interpell\u00e9s \u00e0 la fronti\u00e8re mexicaine en avril"},"content":{"rendered":"<p>La majorit\u00e9 des clandestins viennent du Honduras, du Guatemala ou du Salvador, d\u00e9clarent fuir la violence et la pauvret\u00e9 dans leur pays et demandent l\u2019asile.<\/p>\n<p>Plus de 100\u00a0000 migrants ont \u00e9t\u00e9 interpell\u00e9s apr\u00e8s avoir travers\u00e9 ill\u00e9galement la fronti\u00e8re am\u00e9ricaine depuis le Mexique en avril, un seuil symbolique d\u00e9pass\u00e9 pour le deuxi\u00e8me mois cons\u00e9cutif, a indiqu\u00e9, mercredi 8\u00a0mai, l\u2019agence f\u00e9d\u00e9rale des douanes et de la protection des fronti\u00e8res (CBP).<\/p>\n<p><em>\u00ab\u00a0Nos chiffres d\u2019interpellations sont hors norme compar\u00e9s aux derni\u00e8res ann\u00e9es\u00a0\u00bb<\/em>, a affirm\u00e9 Carla Provost, responsable de l\u2019agence f\u00e9d\u00e9rale devant une commission du S\u00e9nat. En avril, 109\u00a0144 migrants ill\u00e9gaux ont \u00e9t\u00e9 appr\u00e9hend\u00e9s, aux postes douaniers ou le long de la fronti\u00e8re, selon les statistiques du CBP, apr\u00e8s 103\u00a0719 en mars et 76\u00a0534 en f\u00e9vrier. Les familles et les mineurs non accompagn\u00e9s ont repr\u00e9sent\u00e9 64\u00a0% des arrestations en avril.<\/p>\n<p>Au total, 460\u00a0294 personnes ont \u00e9t\u00e9 arr\u00eat\u00e9es \u00e0 la fronti\u00e8re avec le Mexique depuis le d\u00e9but de l\u2019ann\u00e9e fiscale 2019, le 1<sup>er<\/sup>\u00a0octobre.\u00a0<em>\u00ab\u00a0En seulement sept mois, nous avons d\u00e9j\u00e0 d\u00e9pass\u00e9 les totaux de chaque ann\u00e9e fiscale depuis 2009\u00a0\u00bb<\/em>, a ajout\u00e9 M<sup>me<\/sup>\u00a0Provost.<\/p>\n<p>En majorit\u00e9, les clandestins se rendent aux autorit\u00e9s et d\u00e9posent des demandes d\u2019asile. La plupart d\u2019entre eux viennent d\u2019Am\u00e9rique centrale \u2013 Honduras, Guatemala, Salvador principalement \u2013 et d\u00e9clarent fuir la violence et la pauvret\u00e9 qui s\u00e9vissent dans leur pays<\/p>\n<p>le monde<\/p>\n<p class=\"dpsp-share-text\">Partager c&rsquo;est aimer!<\/p>\n<div class=\"wp-post-author-wrap wp-post-author-shortcode left\">\n<h3 class=\"awpa-title\"\/>\n<div class=\"wp-post-author\">\n<div class=\"awpa-img awpa-author-block square\"><a href=\"http:\/\/lexpertjournal.net\/fr\/author\/expert\/\"><img loading=\"lazy\" decoding=\"async\" alt=\"\" src=\"http:\/\/2.gravatar.com\/avatar\/56d99be2a6f97af88ccb49fada637fcd?s=150&#038;d=mm&#038;r=g\" srcset=\"http:\/\/2.gravatar.com\/avatar\/56d99be2a6f97af88ccb49fada637fcd?s=300&#038;d=mm&#038;r=g 2x\" class=\"avatar avatar-150 photo\" height=\"150\" width=\"150\"\/><\/a><\/div>\n<\/div>\n<\/div>\n<p>Auteur: L&rsquo;expert<br \/>\n<a href=\"http:\/\/lexpertjournal.net\/fr\/2019\/05\/09\/malgre-trump-un-nombre-record-de-migrants-ont-ete-interpelles-a-la-frontiere-mexicaine-en-avril\/\">Cliquez ici pour lire l&rsquo;article depuis sa source.<\/a><\/p>\n","protected":false},"excerpt":{"rendered":"<p>La majorit\u00e9 des clandestins viennent du Honduras, du Guatemala ou du Salvador, d\u00e9clarent fuir la violence et la pauvret\u00e9 dans leur pays et demandent l\u2019asile. Plus de 100\u00a0000 migrants ont \u00e9t\u00e9 interpell\u00e9s apr\u00e8s avoir travers\u00e9 ill\u00e9galement la fronti\u00e8re am\u00e9ricaine depuis le Mexique en avril, un seuil symbolique d\u00e9pass\u00e9 pour le deuxi\u00e8me mois cons\u00e9cutif, a indiqu\u00e9, [&hellip;]<\/p>\n","protected":false},"author":1775,"featured_media":0,"comment_status":"closed","ping_status":"closed","sticky":false,"template":"","format":"standard","meta":{"fifu_image_url":"","fifu_image_alt":"","footnotes":""},"categories":[78,55],"tags":[],"class_list":["post-33203","post","type-post","status-publish","format-standard","hentry","category-economie","category-tunisie"],"_links":{"self":[{"href":"https:\/\/linitiative.ca\/International\/wp-json\/wp\/v2\/posts\/33203","targetHints":{"allow":["GET"]}}],"collection":[{"href":"https:\/\/linitiative.ca\/International\/wp-json\/wp\/v2\/posts"}],"about":[{"href":"https:\/\/linitiative.ca\/International\/wp-json\/wp\/v2\/types\/post"}],"author":[{"embeddable":true,"href":"https:\/\/linitiative.ca\/International\/wp-json\/wp\/v2\/users\/1775"}],"replies":[{"embeddable":true,"href":"https:\/\/linitiative.ca\/International\/wp-json\/wp\/v2\/comments?post=33203"}],"version-history":[{"count":0,"href":"https:\/\/linitiative.ca\/International\/wp-json\/wp\/v2\/posts\/33203\/revisions"}],"wp:attachment":[{"href":"https:\/\/linitiative.ca\/International\/wp-json\/wp\/v2\/media?parent=33203"}],"wp:term":[{"taxonomy":"category","embeddable":true,"href":"https:\/\/linitiative.ca\/International\/wp-json\/wp\/v2\/categories?post=33203"},{"taxonomy":"post_tag","embeddable":true,"href":"https:\/\/linitiative.ca\/International\/wp-json\/wp\/v2\/tags?post=33203"}],"curies":[{"name":"wp","href":"https:\/\/api.w.org\/{rel}","templated":true}]}}