{"id":33204,"date":"2019-05-09T06:40:00","date_gmt":"2019-05-09T10:40:00","guid":{"rendered":"https:\/\/linitiative.ca\/International\/taboubi-voici-comment-lugtt-compte-sinvestir-dans-les-prochaines-elections\/"},"modified":"2019-05-09T06:40:00","modified_gmt":"2019-05-09T10:40:00","slug":"taboubi-voici-comment-lugtt-compte-sinvestir-dans-les-prochaines-elections","status":"publish","type":"post","link":"https:\/\/linitiative.ca\/International\/taboubi-voici-comment-lugtt-compte-sinvestir-dans-les-prochaines-elections\/","title":{"rendered":"<div>Taboubi : Voici comment l\u2019UGTT compte s&rsquo;investir dans les prochaines \u00e9lections<\/div>"},"content":{"rendered":"<p>En cinq points pr\u00e9cis, l\u2019UGTT compte s\u2019impliquer pleinement dans les prochaines \u00e9lections. D&rsquo;ores et d\u00e9j\u00e0, tout un programme \u00e9conomique et social est en cours d&rsquo;\u00e9laboration et sera finalis\u00e9 d&rsquo;ici le mois de juin prochain. Aussi, sans envisager de pr\u00e9senter ses propres listes, il s\u00a0\u00bbagit d&rsquo;encourager ses cadres qui le souhaitent \u00e0 se porter candidats dans les listes de leurs affinit\u00e9s et de veiller la transparence du scrutin. \u00ab Parce que la situation politique, \u00e9conomique et sociale risque de s\u2019enliser davantage au cours des cinq prochaines ann\u00e9es, l\u2019UGTT doit jouer un r\u00f4le central et strat\u00e9gique lors des prochaines \u00e9ch\u00e9ances \u00e9lectorales \u00bb. C\u2019est ce qu\u2019a affirm\u00e9 le secr\u00e9taire g\u00e9n\u00e9ral de la centrale ouvri\u00e8re, Noureddine Taboubi. Ouvrant une conf\u00e9rence organis\u00e9e sous le th\u00e8me de : \u00ab Le r\u00f4le de l\u2019UGTT dans la r\u00e9ussite des prochaines \u00e9lections et l\u2019aboutissement de la transition d\u00e9mocratique \u00bb, il a indiqu\u00e9 que l\u2019initiative-m\u00eame de la tenue de cette conf\u00e9rence traduit la d\u00e9termination des syndicalistes \u00e0 s\u2019impliquer pleinement dans ce processus. \u00ab Il s\u2019agit, a-t-il, soulign\u00e9 de concevoir une strat\u00e9gie d\u2019interaction et d\u2019influence, afin de repositionner le d\u00e9bat sur les visions et programmes appropri\u00e9s et de mettre \u00e0 profit les scrutins afin de pl\u00e9bisciter les voies d\u2019avenir et de veiller \u00e0 l&rsquo;ind\u00e9pendance du scrutin. \u00bb<\/p>\n<p>Taboubi a invit\u00e9 les participants \u00e0 la conf\u00e9rence de formuler des plans d\u2019actions op\u00e9rationnels relatifs \u00e0 cinq points qu\u2019il juge essentiels. Il s\u2019agit de :<\/p>\n<ol>\n<li>Concevoir les modalit\u00e9s et outils d\u2019une campagne de sensibilisation des travailleurs, syndicalistes et plus largement, des \u00e9lecteurs \u00e0 s\u2019inscrire sur les listes \u00e9lectorales et exercer leur droit de vote,<\/li>\n<li>Organiser la participation des syndicalistes dans les structures de supervision du processus \u00e9lectoral \u00e0 travers toutes ses phases et \u00e9tablir la liste des participants \u00e0 ces op\u00e9rations, notamment en tant que membres et chefs de bureau de vote. A cet effet, un plan de formation de 2000 observateurs sera mis au moint,<\/li>\n<li>D\u00e9terminer les conditions d\u2019encouragement des syndicalistes \u00e0 se porter candidats<\/li>\n<li>Fixer les m\u00e9canismes n\u00e9cessaires pour le lancement d\u2019une plateforme \u00e9lectronique de l\u2019UGTT d\u00e9di\u00e9e aux \u00e9lections<\/li>\n<li>Elaborer le contenu d\u2019une feuille de route pour l\u2019\u00e9tape \u00e0 venir en vue de garantir la transparence des \u00e9lections et leur int\u00e9grit\u00e9.<\/li>\n<\/ol>\n<p>En pr\u00e9ambule, Noureddine Taboubi avait dress\u00e9 un \u00e9tat des lieux de la situation politique et \u00e9conomique pr\u00e9valant en Tunisie, n\u2019h\u00e9sitant pas \u00e0 la qualifier de \u00ab tr\u00e8s critique \u00bb. Il a particuli\u00e8rement point\u00e9 du doigt le nomadisme entre partis politiques et groupes parlementaires de nombre de d\u00e9put\u00e9s et autres dirigeants, attribuant ce ph\u00e9nom\u00e8ne \u00e0 un manque d\u2019engagement programmatique et de convictions personnelles. Le secr\u00e9taire g\u00e9n\u00e9ral de l\u2019UGTT a \u00e9galement d\u00e9plor\u00e9 l\u2019absence de visions et d\u2019alternatives d\u2019avenir, n\u2019\u00e9pargnant pas de ces fl\u00e9chettes les divers acteurs au pouvoir.<\/p>\n<p>Auteur:<br \/>\n<a href=\"https:\/\/www.leaders.com.tn\/article\/27078-taboubi-voici-comment-l-ugtt-compte-s-investir-dans-les-prochaines-elections\">Cliquez ici pour lire l&rsquo;article depuis sa source.<\/a><\/p>\n","protected":false},"excerpt":{"rendered":"<p>En cinq points pr\u00e9cis, l\u2019UGTT compte s\u2019impliquer pleinement dans les prochaines \u00e9lections. D&rsquo;ores et d\u00e9j\u00e0, tout un programme \u00e9conomique et social est en cours d&rsquo;\u00e9laboration et sera finalis\u00e9 d&rsquo;ici le mois de juin prochain. Aussi, sans envisager de pr\u00e9senter ses propres listes, il s\u00a0\u00bbagit d&rsquo;encourager ses cadres qui le souhaitent \u00e0 se porter candidats dans [&hellip;]<\/p>\n","protected":false},"author":1772,"featured_media":0,"comment_status":"closed","ping_status":"closed","sticky":false,"template":"","format":"standard","meta":{"fifu_image_url":"","fifu_image_alt":"","footnotes":""},"categories":[73,55],"tags":[],"class_list":["post-33204","post","type-post","status-publish","format-standard","hentry","category-actualite","category-tunisie"],"_links":{"self":[{"href":"https:\/\/linitiative.ca\/International\/wp-json\/wp\/v2\/posts\/33204","targetHints":{"allow":["GET"]}}],"collection":[{"href":"https:\/\/linitiative.ca\/International\/wp-json\/wp\/v2\/posts"}],"about":[{"href":"https:\/\/linitiative.ca\/International\/wp-json\/wp\/v2\/types\/post"}],"author":[{"embeddable":true,"href":"https:\/\/linitiative.ca\/International\/wp-json\/wp\/v2\/users\/1772"}],"replies":[{"embeddable":true,"href":"https:\/\/linitiative.ca\/International\/wp-json\/wp\/v2\/comments?post=33204"}],"version-history":[{"count":0,"href":"https:\/\/linitiative.ca\/International\/wp-json\/wp\/v2\/posts\/33204\/revisions"}],"wp:attachment":[{"href":"https:\/\/linitiative.ca\/International\/wp-json\/wp\/v2\/media?parent=33204"}],"wp:term":[{"taxonomy":"category","embeddable":true,"href":"https:\/\/linitiative.ca\/International\/wp-json\/wp\/v2\/categories?post=33204"},{"taxonomy":"post_tag","embeddable":true,"href":"https:\/\/linitiative.ca\/International\/wp-json\/wp\/v2\/tags?post=33204"}],"curies":[{"name":"wp","href":"https:\/\/api.w.org\/{rel}","templated":true}]}}