{"id":33205,"date":"2019-05-08T19:26:46","date_gmt":"2019-05-08T23:26:46","guid":{"rendered":"https:\/\/linitiative.ca\/International\/nous-travaillons-a-satisfaire-les-preoccupations-ministre-remis-dandjinou\/"},"modified":"2019-05-08T19:26:46","modified_gmt":"2019-05-08T23:26:46","slug":"nous-travaillons-a-satisfaire-les-preoccupations-ministre-remis-dandjinou","status":"publish","type":"post","link":"https:\/\/linitiative.ca\/International\/nous-travaillons-a-satisfaire-les-preoccupations-ministre-remis-dandjinou\/","title":{"rendered":"\u00abNous travaillons \u00e0 satisfaire les pr\u00e9occupations\u00bb, ministre R\u00e9mis Dandjinou"},"content":{"rendered":"<div class=\"td-post-featured-image\"><a href=\"https:\/\/i0.wp.com\/www.sidwaya.info\/wp-content\/uploads\/2019\/05\/ministrrfd.jpg?fit=974%2C940&#038;ssl=1\" data-caption=\"\"><img loading=\"lazy\" decoding=\"async\" width=\"696\" height=\"672\" class=\"entry-thumb td-modal-image\" src=\"https:\/\/i0.wp.com\/www.sidwaya.info\/wp-content\/uploads\/2019\/05\/ministrrfd.jpg?resize=696%2C672&#038;ssl=1\" srcset=\"https:\/\/i0.wp.com\/www.sidwaya.info\/wp-content\/uploads\/2019\/05\/ministrrfd.jpg?w=974&#038;ssl=1 974w, https:\/\/i0.wp.com\/www.sidwaya.info\/wp-content\/uploads\/2019\/05\/ministrrfd.jpg?resize=300%2C290&#038;ssl=1 300w, https:\/\/i0.wp.com\/www.sidwaya.info\/wp-content\/uploads\/2019\/05\/ministrrfd.jpg?resize=768%2C741&#038;ssl=1 768w, https:\/\/i0.wp.com\/www.sidwaya.info\/wp-content\/uploads\/2019\/05\/ministrrfd.jpg?resize=696%2C672&#038;ssl=1 696w, https:\/\/i0.wp.com\/www.sidwaya.info\/wp-content\/uploads\/2019\/05\/ministrrfd.jpg?resize=435%2C420&#038;ssl=1 435w\" sizes=\"auto, (max-width: 696px) 100vw, 696px\" alt=\"\" title=\"ministrrfd\"\/><\/a><\/div>\n<div class=\"td-a-rec td-a-rec-id-content_top td_uid_30_5cd4263354259_rand td_block_template_1\"><img loading=\"lazy\" decoding=\"async\" class=\"aligncenter size-full wp-image-4463\" src=\"https:\/\/www.sidwaya.info\/wp-content\/uploads\/2019\/02\/FESPACO-TOUR-2019-Bannie%CC%80re-728x90-1.jpg\" alt=\"\" width=\"728\" height=\"90\"\/><\/div>\n<p><strong>Le Conseil des ministres s\u2019est tenu le mercredi 8 mai 2019 \u00e0 Kosyam, sous la pr\u00e9sidence du pr\u00e9sident du Faso, Roch Marc Christian Kabor\u00e9. Il a examin\u00e9 plusieurs dossiers dont la fronde sociale.<\/strong><\/p>\n<p>Les accords sign\u00e9s entre le gouvernement et les diff\u00e9rents syndicats avant la conf\u00e9rence nationale sur le syst\u00e8me de r\u00e9mun\u00e9rations des agents publics de l\u2019Etat seront mis en \u0153uvre jusqu\u2019\u00e0 la date du 31 d\u00e9cembre 2018. C\u2019est ce qu\u2019a laiss\u00e9 entendre le ministre de la Communication et des Relations avec le Parlement, Porte-parole du gouvernement, R\u00e9mis Fulgance Dandjinou, \u00e0 l\u2019issue du Conseil des ministres d\u2019hier 8 mai 2019. \u00abNous travaillons \u00e0 satisfaire les pr\u00e9occupations, tout en tenant compte de la soutenabilit\u00e9 des budgets. Mais la nouvelle donne sur l\u2019harmonisation des conditions de r\u00e9mun\u00e9ration interviendra \u00e0 partir du 1er janvier 2019\u00bb, a-t-il ajout\u00e9. Selon lui, contrairement \u00e0 ce que certains disent, le gouvernement ne fait pas du deux poids deux mesures, mais appliquera les conclusions de la conf\u00e9rence qui pr\u00e9voient une red\u00e9finition des conditions de r\u00e9mun\u00e9rations. De l\u2019avis de R\u00e9mis Dandjinou, la plupart des mouvements d\u2019humeur qui secouent les services publics sont li\u00e9s \u00e0 des retards dans l\u2019adoption de d\u00e9cret pour la mise en \u0153uvre de mesures \u00e0 la suite du reversement dans des grilles pr\u00e9vues par des textes qui datent parfois de 2012 ou 2013.<\/p>\n<p>Certains de ces textes, \u00e0 l\u2019en croire, rencontrent de nombreuses difficult\u00e9s dans leur application, car il se d\u00e9gage, parfois, des contradictions auxquelles il faut apporter des corrections. \u00abQuel que soit le secteur concern\u00e9 par les gr\u00e8ves, des concertations interminist\u00e9rielles ont lieu autour du Premier ministre, de m\u00eame que des approches avec les partenaires sociaux. Tout cela devrait permettre de trouver des solutions aux diff\u00e9rentes pr\u00e9occupations\u00bb, a\u00a0 d\u00e9clar\u00e9 le Porte-parole de l\u2019ex\u00e9cutif.<br \/>Plusieurs autres dossiers ont \u00e9t\u00e9 examin\u00e9s au cours du conseil. Au titre<br \/>du minist\u00e8re de l\u2019Enseignement sup\u00e9rieur et de la Recherche scientifique, le gouvernement a adopt\u00e9 deux d\u00e9crets. L\u2019un est relatif \u00e0 la cr\u00e9ation d\u2019emplois de professeurs titulaires, de professeurs titulaires hospitalo-universitaires, de ma\u00eetres de conf\u00e9rences, de ma\u00eetres assistants et de ma\u00eetres assistants hospitalo-universitaires \u00e0 l\u2019Universit\u00e9 Nazi- Boni. Le deuxi\u00e8me porte sur la nomination d\u2019enseignants \u00e0 ces nouveaux postes. Selon le repr\u00e9sentant de l\u2019ex\u00e9cutif, apr\u00e8s l\u2019inscription des enseignants au tableau du CAMES, \u00e0 l\u2019issue du concours, il faut proc\u00e9der \u00e0 la cr\u00e9ation des postes d\u2019emplois et de leur nomination par des d\u00e9crets. Au minist\u00e8re de l\u2019Environnement, de l\u2019Economie verte et du Changement climatique, un d\u00e9cret portant mesures de s\u00e9curit\u00e9 de transports de mati\u00e8res radioactives a \u00e9t\u00e9 adopt\u00e9 par le gouvernement. Ce d\u00e9cret permettra, selon le gouvernement, de pr\u00e9voir des dispositifs de transport en toute s\u00e9curit\u00e9 des mati\u00e8res radioactives, pr\u00e9venir tout risque d\u2019incident de vol, de sabotage, et enfin, circonscrire les cons\u00e9quences en cas d\u2019incident.<\/p>\n<p>Les femmes de la brigade verte de la ville de Ouagadougou ont des arri\u00e9r\u00e9s de salaires de trois mois et ce retard de paiement s\u2019explique selon la mairie, par le non-versement de certaines subventions de l\u2019Etat. La question a-t-elle \u00e9t\u00e9 \u00e9voqu\u00e9e en Conseil des ministres ? R\u00e9pondant \u00e0 cette pr\u00e9occupation des journalistes, M. Dandjinou a fait savoir qu\u2019on ne discute pas de tout en Conseil des ministres. \u00abAvec la communalisation int\u00e9grale adopt\u00e9e par l\u2019Etat burkinab\u00e8, il y a eu des transferts de comp\u00e9tences et ces questions rel\u00e8vent exclusivement du ressort de la commune\u00bb, a-t-il indiqu\u00e9. Sur les deux touristes fran\u00e7ais qui ont \u00e9t\u00e9 enlev\u00e9s \u00e0 la fronti\u00e8re entre le Burkina et le<br \/>B\u00e9nin, le ministre de la Communication s\u2019est content\u00e9 de dire aux journalistes : \u00abl\u2019enl\u00e8vement a eu lieu sur le territoire b\u00e9ninois. Les forces de d\u00e9fense et de s\u00e9curit\u00e9 des pays qui partagent le Parc W travaillent en \u00e9troite collaboration en vue de retrouver les otages\u00bb.<\/p>\n<p>Beyon Romain NEBIE<br \/>nbeyonromain@yahoo.fr<\/p>\n<div class=\"td-a-rec td-a-rec-id-content_bottom td_uid_31_5cd42633544c0_rand td_block_template_1\"><img loading=\"lazy\" decoding=\"async\" class=\"alignright size-full wp-image-1724\" src=\"https:\/\/www.sidwaya.info\/wp-content\/uploads\/2018\/12\/sidwaya-pub.jpg\" alt=\"\" width=\"720\" height=\"90\"\/><\/div>\n<p>Auteur: BM. Sidwaya<br \/>\n<a href=\"https:\/\/www.sidwaya.info\/blog\/2019\/05\/08\/nous-travaillons-a-satisfaire-les-preoccupations-ministre-remis-dandjinou\/\">Cliquez ici pour lire l&rsquo;article depuis sa source.<\/a><\/p>\n","protected":false},"excerpt":{"rendered":"<p>Le Conseil des ministres s\u2019est tenu le mercredi 8 mai 2019 \u00e0 Kosyam, sous la pr\u00e9sidence du pr\u00e9sident du Faso, Roch Marc Christian Kabor\u00e9. Il a examin\u00e9 plusieurs dossiers dont la fronde sociale. Les accords sign\u00e9s entre le gouvernement et les diff\u00e9rents syndicats avant la conf\u00e9rence nationale sur le syst\u00e8me de r\u00e9mun\u00e9rations des agents publics [&hellip;]<\/p>\n","protected":false},"author":1816,"featured_media":0,"comment_status":"closed","ping_status":"closed","sticky":false,"template":"","format":"standard","meta":{"fifu_image_url":"","fifu_image_alt":"","footnotes":""},"categories":[73,81],"tags":[],"class_list":["post-33205","post","type-post","status-publish","format-standard","hentry","category-actualite","category-burkina-faso"],"_links":{"self":[{"href":"https:\/\/linitiative.ca\/International\/wp-json\/wp\/v2\/posts\/33205","targetHints":{"allow":["GET"]}}],"collection":[{"href":"https:\/\/linitiative.ca\/International\/wp-json\/wp\/v2\/posts"}],"about":[{"href":"https:\/\/linitiative.ca\/International\/wp-json\/wp\/v2\/types\/post"}],"author":[{"embeddable":true,"href":"https:\/\/linitiative.ca\/International\/wp-json\/wp\/v2\/users\/1816"}],"replies":[{"embeddable":true,"href":"https:\/\/linitiative.ca\/International\/wp-json\/wp\/v2\/comments?post=33205"}],"version-history":[{"count":0,"href":"https:\/\/linitiative.ca\/International\/wp-json\/wp\/v2\/posts\/33205\/revisions"}],"wp:attachment":[{"href":"https:\/\/linitiative.ca\/International\/wp-json\/wp\/v2\/media?parent=33205"}],"wp:term":[{"taxonomy":"category","embeddable":true,"href":"https:\/\/linitiative.ca\/International\/wp-json\/wp\/v2\/categories?post=33205"},{"taxonomy":"post_tag","embeddable":true,"href":"https:\/\/linitiative.ca\/International\/wp-json\/wp\/v2\/tags?post=33205"}],"curies":[{"name":"wp","href":"https:\/\/api.w.org\/{rel}","templated":true}]}}