{"id":33206,"date":"2019-05-09T06:39:17","date_gmt":"2019-05-09T10:39:17","guid":{"rendered":"https:\/\/linitiative.ca\/International\/tunisie-omar-behi-et-le-gouvernement-face-au-defi-de-la-mafia-des-marches\/"},"modified":"2019-05-09T06:39:17","modified_gmt":"2019-05-09T10:39:17","slug":"tunisie-omar-behi-et-le-gouvernement-face-au-defi-de-la-mafia-des-marches","status":"publish","type":"post","link":"https:\/\/linitiative.ca\/International\/tunisie-omar-behi-et-le-gouvernement-face-au-defi-de-la-mafia-des-marches\/","title":{"rendered":"Tunisie \u2013 Omar Behi et le gouvernement face au d\u00e9fi de la Mafia des march\u00e9s"},"content":{"rendered":"<div class=\"post-cont-in left relative\">\n<p>Omar Behi, ministre du Commerce, ainsi que tout le gouvernement, sauront-ils relever le d\u00e9fi de la mafia du march\u00e9 parall\u00e8le et des fraudeurs\u00a0?<\/p>\n<p>Malgr\u00e9 tout le bruit fait autour d\u2019une suppos\u00e9e campagne men\u00e9e tambours battants contre cette mafia, durant les premiers jours de Ramadan et les quelques jours qui ont pr\u00e9c\u00e9d\u00e9s, le citoyen n\u2019a remarqu\u00e9 aucune r\u00e9percussion sur les prix, qui demeurent hors de sa port\u00e9e et surtout non-affich\u00e9s par la plupart des commer\u00e7ants.<\/p>\n<div class=\"code-block code-block-1 c3\"><ins class=\"adsbygoogle c2\" data-ad-layout=\"in-article\" data-ad-format=\"fluid\" data-ad-client=\"ca-pub-2102118777505746\" data-ad-slot=\"7301775417\"\/> <\/div>\n<p>Devant la campagne m\u00e9diatique sur le terrain, lanc\u00e9e par les contr\u00f4leurs \u00e9conomiques, les fraudeurs et autres vampires qui sucent le sang du contribuable sont rest\u00e9s imperturbables, avec comme premi\u00e8re cons\u00e9quence, une col\u00e8re grandissante dans des consommateurs, un peu partout dans le pays, d\u00e9sesp\u00e9r\u00e9s de ne pouvoir assurer un ravitaillement respectable aux leurs, durant ce mois saint.<\/p>\n<p>Le consommateur ne voit plus comment il peut faire co\u00efncider sa bourse avec les prix des denr\u00e9es qu\u2019il doit acqu\u00e9rir comme minimum vital \u00e0 sa famille. Sans compter le spectre de l\u2019A\u00efd qui se pointe, pour la premi\u00e8re fois, comme un ogre \u00e0 l\u2019horizon, lui qui \u00e9tait, d\u2019habitude attendu avec ferveur et de joie.<\/p>\n<p>Pour couronner le tout et faire, en quelque sorte, reculer l\u2019Etat, la mafia du march\u00e9 est pass\u00e9e \u00e0 l\u2019offensive. On dirait qu\u2019il y a eu un mot d\u2019ordre donn\u00e9 quelque part. Un\u00a0slogan de riposte et d\u2019opposition violente aux actions de la campagne de contr\u00f4le.<\/p>\n<p>C\u2019est ainsi qu\u2019on ne compte plus les agressions, quelques fois hyst\u00e9riques, de certains commer\u00e7ants, probablement manipul\u00e9s, contre les agents de contr\u00f4le. Ils n\u2019h\u00e9sitent plus \u00e0 s\u2019attaquer aux agents, \u00e0 les agresser, parfois de fa\u00e7on trop violente. Surtout quand il s\u2019agit de contr\u00f4leurs de la gente f\u00e9minine.<\/p>\n<p>Cette violence dans la riposte n\u2019est pas sans nous rappeler celle de la mafia des contrebandiers qui contr\u00f4lait le port de Rades quand elle a r\u00e9pondu \u00e0 la visite du chef du gouvernement, Youssef Chahed, suivie de prises de position \u00e9nergiques, allant\u00a0 jusqu\u2019\u00e0 mettre le feu aux d\u00e9p\u00f4ts suspects, objets de l\u2019enqu\u00eate, geste compris, \u00e0 l\u2019\u00e9poque, comme un d\u00e9fi et une mise en garde lanc\u00e9s contre le chef du gouvernement, par cette mafia, comme quoi, ils sont pr\u00eats \u00e0 la confrontation et qu\u2019il \u00e9tait hors de question, pour eux, de baisser les bras.<\/p>\n<p>Il semblerait donc, que la violente r\u00e9action \u00e0 laquelle nous assistons, ces derniers jours, contre la campagne des contr\u00f4leurs \u00e9conomiques rentre dans le m\u00eame cadre de la guerre d\u2019intimidation. Reste \u00e0 savoir comment, le ministre du Commerce va-t-il pouvoir y r\u00e9pondre\u00a0? Est-ce qu\u2019il va tenter le passage en force\u00a0pour faire appliquer la loi par ces fraudeurs, ou va-t-il au contraire, esquisser un mouvement de recul, pour \u00e9viter la confrontation, surtout au cours de cette p\u00e9riode pr\u00e9-\u00e9lectorale\u00a0?<\/p>\n<p>Un bras de fer qui s\u2019annonce dur \u00e0 g\u00e9rer par l\u2019Etat, mais qu\u2019il est oblig\u00e9 d\u2019engager s\u2019il veut se faire respecter, casser ces cartels de mafieux qui saignent, sans aucune vergogne les citoyens et surtout, regagner la confiance de ces derniers !<\/p>\n<div class=\"mvp-org-wrap mvp-org-logo\" itemprop=\"publisher\" itemscope=\"\" itemtype=\"https:\/\/schema.org\/Organization\"><img decoding=\"async\" src=\"https:\/\/www.tunisienumerique.com\/wp-content\/uploads\/2017\/02\/logo_tunisie_numerique.png\"\/><\/div>\n<div class=\"mvp-related-posts left relative\">\n<h4 class=\"post-header\"><span class=\"post-header\">Lire aussi<\/span><\/h4>\n<\/div>\n<\/div>\n<p>Auteur: Ramsis<br \/>\n<a href=\"https:\/\/www.tunisienumerique.com\/tunisie-omar-behi-et-le-gouvernement-face-au-defi-de-la-mafia-des-marches\/\">Cliquez ici pour lire l&rsquo;article depuis sa source.<\/a><\/p>\n","protected":false},"excerpt":{"rendered":"<p>Omar Behi, ministre du Commerce, ainsi que tout le gouvernement, sauront-ils relever le d\u00e9fi de la mafia du march\u00e9 parall\u00e8le et des fraudeurs\u00a0? Malgr\u00e9 tout le bruit fait autour d\u2019une suppos\u00e9e campagne men\u00e9e tambours battants contre cette mafia, durant les premiers jours de Ramadan et les quelques jours qui ont pr\u00e9c\u00e9d\u00e9s, le citoyen n\u2019a remarqu\u00e9 [&hellip;]<\/p>\n","protected":false},"author":1789,"featured_media":33207,"comment_status":"closed","ping_status":"closed","sticky":false,"template":"","format":"standard","meta":{"fifu_image_url":"","fifu_image_alt":"","footnotes":""},"categories":[73,55],"tags":[],"class_list":["post-33206","post","type-post","status-publish","format-standard","has-post-thumbnail","hentry","category-actualite","category-tunisie"],"_links":{"self":[{"href":"https:\/\/linitiative.ca\/International\/wp-json\/wp\/v2\/posts\/33206","targetHints":{"allow":["GET"]}}],"collection":[{"href":"https:\/\/linitiative.ca\/International\/wp-json\/wp\/v2\/posts"}],"about":[{"href":"https:\/\/linitiative.ca\/International\/wp-json\/wp\/v2\/types\/post"}],"author":[{"embeddable":true,"href":"https:\/\/linitiative.ca\/International\/wp-json\/wp\/v2\/users\/1789"}],"replies":[{"embeddable":true,"href":"https:\/\/linitiative.ca\/International\/wp-json\/wp\/v2\/comments?post=33206"}],"version-history":[{"count":0,"href":"https:\/\/linitiative.ca\/International\/wp-json\/wp\/v2\/posts\/33206\/revisions"}],"wp:featuredmedia":[{"embeddable":true,"href":"https:\/\/linitiative.ca\/International\/wp-json\/"}],"wp:attachment":[{"href":"https:\/\/linitiative.ca\/International\/wp-json\/wp\/v2\/media?parent=33206"}],"wp:term":[{"taxonomy":"category","embeddable":true,"href":"https:\/\/linitiative.ca\/International\/wp-json\/wp\/v2\/categories?post=33206"},{"taxonomy":"post_tag","embeddable":true,"href":"https:\/\/linitiative.ca\/International\/wp-json\/wp\/v2\/tags?post=33206"}],"curies":[{"name":"wp","href":"https:\/\/api.w.org\/{rel}","templated":true}]}}