{"id":33209,"date":"2019-05-09T07:33:53","date_gmt":"2019-05-09T11:33:53","guid":{"rendered":"https:\/\/linitiative.ca\/International\/tunisie-youssef-chahed-annonce-un-projet-de-creation-dune-caisse-dassurance-contre-la-perte-demploi\/"},"modified":"2019-05-09T07:33:53","modified_gmt":"2019-05-09T11:33:53","slug":"tunisie-youssef-chahed-annonce-un-projet-de-creation-dune-caisse-dassurance-contre-la-perte-demploi","status":"publish","type":"post","link":"https:\/\/linitiative.ca\/International\/tunisie-youssef-chahed-annonce-un-projet-de-creation-dune-caisse-dassurance-contre-la-perte-demploi\/","title":{"rendered":"Tunisie: Youssef Chahed annonce un projet de cr\u00e9ation d\u2019une Caisse d\u2019assurance contre la perte d\u2019emploi"},"content":{"rendered":"<div class=\"post-cont-in left relative\">\n<p>Le chef du gouvernement Youssef Chahed a affirm\u00e9 jeudi 9 mai 2019, en marge d\u2019un s\u00e9minaire sur les r\u00e9sultats des \u00e9tudes sur la protection sociale, que son gouvernement travaillait actuellement sur un projet visant \u00e0 cr\u00e9er une Caisse destin\u00e9e \u00e0 assurer la perte d\u2019emplois.<\/p>\n<p>Youssef chahed a soulign\u00e9 l\u2019importance de la mise en place d\u2019un syst\u00e8me national de protection sociale globale, qui soutiendra les nombreuses mesures sociales pr\u00e9c\u00e9demment adopt\u00e9es.<\/p>\n<div class=\"code-block code-block-1 c3\"><ins class=\"adsbygoogle c2\" data-ad-layout=\"in-article\" data-ad-format=\"fluid\" data-ad-client=\"ca-pub-2102118777505746\" data-ad-slot=\"7301775417\"\/> <\/div>\n<div class=\"mvp-org-wrap mvp-org-logo\" itemprop=\"publisher\" itemscope=\"\" itemtype=\"https:\/\/schema.org\/Organization\"><img decoding=\"async\" src=\"https:\/\/www.tunisienumerique.com\/wp-content\/uploads\/2017\/02\/logo_tunisie_numerique.png\"\/><\/div>\n<div class=\"mvp-related-posts left relative\">\n<h4 class=\"post-header\"><span class=\"post-header\">Lire aussi<\/span><\/h4>\n<\/div>\n<\/div>\n<p>Auteur: Mourad S<br \/>\n<a href=\"https:\/\/www.tunisienumerique.com\/tunisie-youssef-chahed-annonce-un-projet-de-creation-dune-caisse-dassurance-contre-la-perte-demploi\/\">Cliquez ici pour lire l&rsquo;article depuis sa source.<\/a><\/p>\n","protected":false},"excerpt":{"rendered":"<p>Le chef du gouvernement Youssef Chahed a affirm\u00e9 jeudi 9 mai 2019, en marge d\u2019un s\u00e9minaire sur les r\u00e9sultats des \u00e9tudes sur la protection sociale, que son gouvernement travaillait actuellement sur un projet visant \u00e0 cr\u00e9er une Caisse destin\u00e9e \u00e0 assurer la perte d\u2019emplois. Youssef chahed a soulign\u00e9 l\u2019importance de la mise en place d\u2019un [&hellip;]<\/p>\n","protected":false},"author":1789,"featured_media":33211,"comment_status":"closed","ping_status":"closed","sticky":false,"template":"","format":"standard","meta":{"fifu_image_url":"","fifu_image_alt":"","footnotes":""},"categories":[73,55],"tags":[],"class_list":["post-33209","post","type-post","status-publish","format-standard","has-post-thumbnail","hentry","category-actualite","category-tunisie"],"_links":{"self":[{"href":"https:\/\/linitiative.ca\/International\/wp-json\/wp\/v2\/posts\/33209","targetHints":{"allow":["GET"]}}],"collection":[{"href":"https:\/\/linitiative.ca\/International\/wp-json\/wp\/v2\/posts"}],"about":[{"href":"https:\/\/linitiative.ca\/International\/wp-json\/wp\/v2\/types\/post"}],"author":[{"embeddable":true,"href":"https:\/\/linitiative.ca\/International\/wp-json\/wp\/v2\/users\/1789"}],"replies":[{"embeddable":true,"href":"https:\/\/linitiative.ca\/International\/wp-json\/wp\/v2\/comments?post=33209"}],"version-history":[{"count":0,"href":"https:\/\/linitiative.ca\/International\/wp-json\/wp\/v2\/posts\/33209\/revisions"}],"wp:featuredmedia":[{"embeddable":true,"href":"https:\/\/linitiative.ca\/International\/wp-json\/"}],"wp:attachment":[{"href":"https:\/\/linitiative.ca\/International\/wp-json\/wp\/v2\/media?parent=33209"}],"wp:term":[{"taxonomy":"category","embeddable":true,"href":"https:\/\/linitiative.ca\/International\/wp-json\/wp\/v2\/categories?post=33209"},{"taxonomy":"post_tag","embeddable":true,"href":"https:\/\/linitiative.ca\/International\/wp-json\/wp\/v2\/tags?post=33209"}],"curies":[{"name":"wp","href":"https:\/\/api.w.org\/{rel}","templated":true}]}}