{"id":33213,"date":"2019-05-09T09:08:08","date_gmt":"2019-05-09T13:08:08","guid":{"rendered":"https:\/\/linitiative.ca\/International\/finlande-suede-afrique-du-sud-et-oim-fin-de-mission-ces-ambassadeurs-qui-partent\/"},"modified":"2019-05-09T09:08:08","modified_gmt":"2019-05-09T13:08:08","slug":"finlande-suede-afrique-du-sud-et-oim-fin-de-mission-ces-ambassadeurs-qui-partent","status":"publish","type":"post","link":"https:\/\/linitiative.ca\/International\/finlande-suede-afrique-du-sud-et-oim-fin-de-mission-ces-ambassadeurs-qui-partent\/","title":{"rendered":"Finlande, Su\u00e8de, Afrique du Sud et OIM : Fin de mission, ces ambassadeurs qui partent"},"content":{"rendered":"<p>C\u2019est la saison de d\u00e9part pour nombre d\u2019ambassadeurs et de chefs de mission accr\u00e9dit\u00e9s \u00e0 Tunis. C\u2019est ainsi que d\u2019ores et d\u00e9j\u00e0, trois ambassadeurs s\u2019appr\u00eatent \u00e0 faire leurs adieux aux autorit\u00e9s et \u00e0 leurs amis. Il s\u2019agit de :\u00a0<\/p>\n<ul>\n<li>L&rsquo;ambassadeur de Finlande \u00e0 Tunis, Leena Gardemeister (depuis le 29 septembre 2017)<\/li>\n<li>L\u2019ambassadeur d\u2019Afrique du Sud \u00e0 Tunis, <a href=\"https:\/\/www.leaders.com.tn\/article\/26156-mandla-harold-hoyana-ambassadeur-d-afrique-du-sud-a-tunis-un-grand-potentiel-a-fructifier\">Mandla Horaold Hoyana<\/a> (depuis le 22 septembre 2015)<\/li>\n<li>L&rsquo;ambassadeur de Su\u00e8de \u00e0 Tunis, Fredrik Flor\u00e9n (depuis le 12 d\u00e9cembre 2015)<\/li>\n<\/ul>\n<p>Un autre d\u00e9part significatif, celui de Lorena Lando, chef de la mission de l&rsquo;Organisation Internationale pour les Migrations (depuis 2011). Point de r\u00e9pit, elle ira \u00e0 Katmandou, la capitale du N\u00e9pal.<\/p>\n<p>Auteur:<br \/>\n<a href=\"https:\/\/www.leaders.com.tn\/article\/27081-finlande-suede-afrique-du-sud-et-oim-fin-de-mission-ces-ambassadeurs-qui-partent\">Cliquez ici pour lire l&rsquo;article depuis sa source.<\/a><\/p>\n","protected":false},"excerpt":{"rendered":"<p>C\u2019est la saison de d\u00e9part pour nombre d\u2019ambassadeurs et de chefs de mission accr\u00e9dit\u00e9s \u00e0 Tunis. C\u2019est ainsi que d\u2019ores et d\u00e9j\u00e0, trois ambassadeurs s\u2019appr\u00eatent \u00e0 faire leurs adieux aux autorit\u00e9s et \u00e0 leurs amis. Il s\u2019agit de :\u00a0 L&rsquo;ambassadeur de Finlande \u00e0 Tunis, Leena Gardemeister (depuis le 29 septembre 2017) L\u2019ambassadeur d\u2019Afrique du Sud [&hellip;]<\/p>\n","protected":false},"author":1772,"featured_media":0,"comment_status":"closed","ping_status":"closed","sticky":false,"template":"","format":"standard","meta":{"fifu_image_url":"","fifu_image_alt":"","footnotes":""},"categories":[73,55],"tags":[],"class_list":["post-33213","post","type-post","status-publish","format-standard","hentry","category-actualite","category-tunisie"],"_links":{"self":[{"href":"https:\/\/linitiative.ca\/International\/wp-json\/wp\/v2\/posts\/33213","targetHints":{"allow":["GET"]}}],"collection":[{"href":"https:\/\/linitiative.ca\/International\/wp-json\/wp\/v2\/posts"}],"about":[{"href":"https:\/\/linitiative.ca\/International\/wp-json\/wp\/v2\/types\/post"}],"author":[{"embeddable":true,"href":"https:\/\/linitiative.ca\/International\/wp-json\/wp\/v2\/users\/1772"}],"replies":[{"embeddable":true,"href":"https:\/\/linitiative.ca\/International\/wp-json\/wp\/v2\/comments?post=33213"}],"version-history":[{"count":0,"href":"https:\/\/linitiative.ca\/International\/wp-json\/wp\/v2\/posts\/33213\/revisions"}],"wp:attachment":[{"href":"https:\/\/linitiative.ca\/International\/wp-json\/wp\/v2\/media?parent=33213"}],"wp:term":[{"taxonomy":"category","embeddable":true,"href":"https:\/\/linitiative.ca\/International\/wp-json\/wp\/v2\/categories?post=33213"},{"taxonomy":"post_tag","embeddable":true,"href":"https:\/\/linitiative.ca\/International\/wp-json\/wp\/v2\/tags?post=33213"}],"curies":[{"name":"wp","href":"https:\/\/api.w.org\/{rel}","templated":true}]}}