{"id":33214,"date":"2019-05-09T07:15:55","date_gmt":"2019-05-09T11:15:55","guid":{"rendered":"https:\/\/linitiative.ca\/International\/enquete-russe-convocation-surprise-du-fils-de-donald-trump-devant-le-senat\/"},"modified":"2019-05-09T07:15:55","modified_gmt":"2019-05-09T11:15:55","slug":"enquete-russe-convocation-surprise-du-fils-de-donald-trump-devant-le-senat","status":"publish","type":"post","link":"https:\/\/linitiative.ca\/International\/enquete-russe-convocation-surprise-du-fils-de-donald-trump-devant-le-senat\/","title":{"rendered":"Enqu\u00eate russe: convocation surprise du fils de Donald Trump devant le S\u00e9nat"},"content":{"rendered":"<p>Pour la deuxi\u00e8me fois, le S\u00e9nat am\u00e9ricain souhaite entendre le fils a\u00een\u00e9 du pr\u00e9sident am\u00e9ricain dans le cadre de l\u2019enqu\u00eate sur l\u2019\u00e9ventuelle influence russe pendant la campagne \u00e9lectorale de 2016.<\/p>\n<p>Loin d\u2019\u00eatre une \u00abaffaire class\u00e9e\u00bb comme le proclame Donald Trump, l\u2019enqu\u00eate russe a secou\u00e9 mercredi 8 mai Washington avec l\u2019annonce surprise de la convocation au Congr\u00e8s de son fils a\u00een\u00e9 et le refus in\u00e9dit de la Maison-Blanche de livrer certaines informations sensibles.<a rel=\"noreferrer noopener\" href=\"http:\/\/www.lefigaro.fr\/international\/2017\/07\/11\/01003-20170711ARTFIG00321-donald-junior-le-franc-tireur-du-clan-trump.php\" target=\"_blank\">\u00a0Donald Trump Junior<\/a>\u00a0a ainsi \u00e9t\u00e9 convoqu\u00e9 devant une commission du S\u00e9nat dans le cadre de l\u2019enqu\u00eate russe, ont indiqu\u00e9 des sources parlementaires et les m\u00e9dias am\u00e9ricains. C\u2019est la premi\u00e8re fois que le Congr\u00e8s use de ses pouvoirs d\u2019enqu\u00eate pour convoquer un membre de la famille Trump, dont certains membres ont t\u00e9moign\u00e9 de leur plein gr\u00e9 dans le cadre de cette investigation tentaculaire sur les ing\u00e9rences de Moscou dans la campagne pr\u00e9sidentielle de 2016.<\/p>\n<h2>Un projet de Trump Tower \u00e0 Moscou intrigue<\/h2>\n<p>Donald Trump Junior, 41 ans, qui g\u00e8re les affaires familiales \u00e0 la t\u00eate de la Trump Organization, a lui-m\u00eame d\u00e9j\u00e0 \u00e9t\u00e9 entendu pendant de longues heures par des commissions du S\u00e9nat en 2017. D\u2019apr\u00e8s les m\u00e9dias am\u00e9ricains, qui citent des sources anonymes, la commission s\u00e9natoriale du renseignement, contr\u00f4l\u00e9e par les R\u00e9publicains, veut le revoir pour l\u2019interroger sur ses d\u00e9clarations de l\u2019\u00e9poque, notamment au sujet d\u2019un projet de Trump Tower \u00e0 Moscou. Selon le\u00a0<em>Wall Street Journal<\/em>, il a refus\u00e9 une invitation \u00e0 compara\u00eetre, offrant de r\u00e9pondre aux questions des s\u00e9nateurs par \u00e9crit. Il aurait d\u00e9sormais l\u2019intention de s\u2019opposer \u00e0 sa convocation, ajoute le quotidien.<\/p>\n<p>Par ailleurs, le ministre de la Justice Bill Barr a refus\u00e9 de livrer aux \u00e9mocrates la version compl\u00e8te du rapport d\u2019enqu\u00eate du procureur sp\u00e9cial Robert Mueller. Si la Chambre estime, lors d\u2019un vote final, que Bill Barr a entrav\u00e9 les pr\u00e9rogatives d\u2019enqu\u00eate du Congr\u00e8s, cela reviendra \u00e0 constituer un dossier d\u2019inculpation.<\/p>\n<p><a href=\"http:\/\/www.lefigaro.fr\/flash-actu\/le-rapport-de-l-enquete-russe-publie-expurge-de-ses-donnees-confidentielles-20190418\">Dans son rapport d\u2019enqu\u00eate de pr\u00e8s de 450 pages, remis fin mars<\/a>, le procureur sp\u00e9cial Robert Mueller a \u00e9crit ne pas avoir trouv\u00e9 de preuve d\u2019une quelconque entente entre la Russie et l\u2019entourage de Donald Trump en 2016, mais a dress\u00e9 la liste d\u2019une s\u00e9rie de pressions troublantes exerc\u00e9es sur son travail. Le pr\u00e9sident assure depuis que le dossier est clos et s\u2019estime totalement blanchi. Il n\u2019a de cesse de d\u00e9noncer une co\u00fbteuse \u00abchasse aux sorci\u00e8res\u00bb. Mais l\u2019opposition d\u00e9mocrate, qui contr\u00f4le la Chambre des repr\u00e9sentants, ne veut pas en rester l\u00e0.<\/p>\n<p>le figaro<\/p>\n<p class=\"dpsp-share-text\">Partager c&rsquo;est aimer!<\/p>\n<div class=\"wp-post-author-wrap wp-post-author-shortcode left\">\n<h3 class=\"awpa-title\"\/>\n<div class=\"wp-post-author\">\n<div class=\"awpa-img awpa-author-block square\"><a href=\"http:\/\/lexpertjournal.net\/fr\/author\/expert\/\"><img loading=\"lazy\" decoding=\"async\" alt=\"\" src=\"http:\/\/2.gravatar.com\/avatar\/56d99be2a6f97af88ccb49fada637fcd?s=150&#038;d=mm&#038;r=g\" srcset=\"http:\/\/2.gravatar.com\/avatar\/56d99be2a6f97af88ccb49fada637fcd?s=300&#038;d=mm&#038;r=g 2x\" class=\"avatar avatar-150 photo\" height=\"150\" width=\"150\"\/><\/a><\/div>\n<\/div>\n<\/div>\n<p>Auteur: L&rsquo;expert<br \/>\n<a href=\"http:\/\/lexpertjournal.net\/fr\/2019\/05\/09\/enquete-russe-convocation-surprise-du-fils-de-donald-trump-devant-le-senat\/\">Cliquez ici pour lire l&rsquo;article depuis sa source.<\/a><\/p>\n","protected":false},"excerpt":{"rendered":"<p>Pour la deuxi\u00e8me fois, le S\u00e9nat am\u00e9ricain souhaite entendre le fils a\u00een\u00e9 du pr\u00e9sident am\u00e9ricain dans le cadre de l\u2019enqu\u00eate sur l\u2019\u00e9ventuelle influence russe pendant la campagne \u00e9lectorale de 2016. Loin d\u2019\u00eatre une \u00abaffaire class\u00e9e\u00bb comme le proclame Donald Trump, l\u2019enqu\u00eate russe a secou\u00e9 mercredi 8 mai Washington avec l\u2019annonce surprise de la convocation au [&hellip;]<\/p>\n","protected":false},"author":1775,"featured_media":0,"comment_status":"closed","ping_status":"closed","sticky":false,"template":"","format":"standard","meta":{"fifu_image_url":"","fifu_image_alt":"","footnotes":""},"categories":[78,55],"tags":[],"class_list":["post-33214","post","type-post","status-publish","format-standard","hentry","category-economie","category-tunisie"],"_links":{"self":[{"href":"https:\/\/linitiative.ca\/International\/wp-json\/wp\/v2\/posts\/33214","targetHints":{"allow":["GET"]}}],"collection":[{"href":"https:\/\/linitiative.ca\/International\/wp-json\/wp\/v2\/posts"}],"about":[{"href":"https:\/\/linitiative.ca\/International\/wp-json\/wp\/v2\/types\/post"}],"author":[{"embeddable":true,"href":"https:\/\/linitiative.ca\/International\/wp-json\/wp\/v2\/users\/1775"}],"replies":[{"embeddable":true,"href":"https:\/\/linitiative.ca\/International\/wp-json\/wp\/v2\/comments?post=33214"}],"version-history":[{"count":0,"href":"https:\/\/linitiative.ca\/International\/wp-json\/wp\/v2\/posts\/33214\/revisions"}],"wp:attachment":[{"href":"https:\/\/linitiative.ca\/International\/wp-json\/wp\/v2\/media?parent=33214"}],"wp:term":[{"taxonomy":"category","embeddable":true,"href":"https:\/\/linitiative.ca\/International\/wp-json\/wp\/v2\/categories?post=33214"},{"taxonomy":"post_tag","embeddable":true,"href":"https:\/\/linitiative.ca\/International\/wp-json\/wp\/v2\/tags?post=33214"}],"curies":[{"name":"wp","href":"https:\/\/api.w.org\/{rel}","templated":true}]}}