{"id":33215,"date":"2019-05-09T07:49:45","date_gmt":"2019-05-09T11:49:45","guid":{"rendered":"https:\/\/linitiative.ca\/International\/tunisie-lutica-lance-une-greve-generale-contre-les-greves\/"},"modified":"2019-05-09T07:49:45","modified_gmt":"2019-05-09T11:49:45","slug":"tunisie-lutica-lance-une-greve-generale-contre-les-greves","status":"publish","type":"post","link":"https:\/\/linitiative.ca\/International\/tunisie-lutica-lance-une-greve-generale-contre-les-greves\/","title":{"rendered":"Tunisie- L\u2019UTICA lance une gr\u00e8ve g\u00e9n\u00e9rale contre les gr\u00e8ves"},"content":{"rendered":"<div class=\"post-cont-in left relative\">\n<p>L\u2019Union Tunisienne de l\u2019Industrie, du Commerce et de l\u2019Artisanat (UTICA) a publi\u00e9 un communiqu\u00e9 \u00e0 travers lequel elle a annonc\u00e9 le lancement d\u2019une gr\u00e8ve g\u00e9n\u00e9rale contre les gr\u00e8ves.<\/p>\n<p>Cette initiative intervient \u00e0 la suite de la gr\u00e8ve des transporteurs de carburant qui a eu lieu la semaine pr\u00e9c\u00e9dente et qui a bloqu\u00e9 le pays.<\/p>\n<div class=\"code-block code-block-1 c3\"><ins class=\"adsbygoogle c2\" data-ad-layout=\"in-article\" data-ad-format=\"fluid\" data-ad-client=\"ca-pub-2102118777505746\" data-ad-slot=\"7301775417\"\/> <\/div>\n<p>A travers le communiqu\u00e9, l\u2019UTICA appelle au \u201crespect du droit, de la responsabilit\u00e9 et de l\u2019int\u00e9r\u00eat g\u00e9n\u00e9ral, et \u00e0 concilier les exigences du travail d\u00e9cent et productif avec la comp\u00e9titivit\u00e9 des institutions \u00e9conomiques et la p\u00e9rennit\u00e9 de leurs \u00e9quilibres financiers\u201d.<\/p>\n<p>En revanche, l\u2019UTICA refuse \u201ccat\u00e9goriquement de prendre le citoyen en otage et de paralyser la circulation des personnes, de perturber les int\u00e9r\u00eats des familles et l\u2019activit\u00e9 des institutions \u00e9conomiques, en particulier des \u00e9tablissements de sant\u00e9, et de mettre en danger la vie de certains citoyens\u201d, selon le m\u00eame communiqu\u00e9.<\/p>\n<p><img loading=\"lazy\" decoding=\"async\" class=\"alignnone size-full wp-image-433411\" src=\"https:\/\/www.tunisienumerique.com\/wp-content\/uploads\/2019\/05\/utica.png\" alt=\"\" width=\"498\" height=\"641\"\/><\/p>\n<div class=\"mvp-org-wrap mvp-org-logo\" itemprop=\"publisher\" itemscope=\"\" itemtype=\"https:\/\/schema.org\/Organization\"><img decoding=\"async\" src=\"https:\/\/www.tunisienumerique.com\/wp-content\/uploads\/2017\/02\/logo_tunisie_numerique.png\"\/><\/div>\n<div class=\"mvp-related-posts left relative\">\n<h4 class=\"post-header\"><span class=\"post-header\">Lire aussi<\/span><\/h4>\n<\/div>\n<\/div>\n<p>Auteur: Laameri Dorsaf<br \/>\n<a href=\"https:\/\/www.tunisienumerique.com\/tunisie-lutica-lance-une-greve-generale-contre-les-greves\/\">Cliquez ici pour lire l&rsquo;article depuis sa source.<\/a><\/p>\n","protected":false},"excerpt":{"rendered":"<p>L\u2019Union Tunisienne de l\u2019Industrie, du Commerce et de l\u2019Artisanat (UTICA) a publi\u00e9 un communiqu\u00e9 \u00e0 travers lequel elle a annonc\u00e9 le lancement d\u2019une gr\u00e8ve g\u00e9n\u00e9rale contre les gr\u00e8ves. Cette initiative intervient \u00e0 la suite de la gr\u00e8ve des transporteurs de carburant qui a eu lieu la semaine pr\u00e9c\u00e9dente et qui a bloqu\u00e9 le pays. A [&hellip;]<\/p>\n","protected":false},"author":1789,"featured_media":33216,"comment_status":"closed","ping_status":"closed","sticky":false,"template":"","format":"standard","meta":{"fifu_image_url":"","fifu_image_alt":"","footnotes":""},"categories":[73,55],"tags":[],"class_list":["post-33215","post","type-post","status-publish","format-standard","has-post-thumbnail","hentry","category-actualite","category-tunisie"],"_links":{"self":[{"href":"https:\/\/linitiative.ca\/International\/wp-json\/wp\/v2\/posts\/33215","targetHints":{"allow":["GET"]}}],"collection":[{"href":"https:\/\/linitiative.ca\/International\/wp-json\/wp\/v2\/posts"}],"about":[{"href":"https:\/\/linitiative.ca\/International\/wp-json\/wp\/v2\/types\/post"}],"author":[{"embeddable":true,"href":"https:\/\/linitiative.ca\/International\/wp-json\/wp\/v2\/users\/1789"}],"replies":[{"embeddable":true,"href":"https:\/\/linitiative.ca\/International\/wp-json\/wp\/v2\/comments?post=33215"}],"version-history":[{"count":0,"href":"https:\/\/linitiative.ca\/International\/wp-json\/wp\/v2\/posts\/33215\/revisions"}],"wp:featuredmedia":[{"embeddable":true,"href":"https:\/\/linitiative.ca\/International\/wp-json\/"}],"wp:attachment":[{"href":"https:\/\/linitiative.ca\/International\/wp-json\/wp\/v2\/media?parent=33215"}],"wp:term":[{"taxonomy":"category","embeddable":true,"href":"https:\/\/linitiative.ca\/International\/wp-json\/wp\/v2\/categories?post=33215"},{"taxonomy":"post_tag","embeddable":true,"href":"https:\/\/linitiative.ca\/International\/wp-json\/wp\/v2\/tags?post=33215"}],"curies":[{"name":"wp","href":"https:\/\/api.w.org\/{rel}","templated":true}]}}