{"id":33217,"date":"2019-05-09T07:24:43","date_gmt":"2019-05-09T11:24:43","guid":{"rendered":"https:\/\/linitiative.ca\/International\/nucleaire-les-europeens-rejettent-lultimatum-de-liran\/"},"modified":"2019-05-09T07:24:43","modified_gmt":"2019-05-09T11:24:43","slug":"nucleaire-les-europeens-rejettent-lultimatum-de-liran","status":"publish","type":"post","link":"https:\/\/linitiative.ca\/International\/nucleaire-les-europeens-rejettent-lultimatum-de-liran\/","title":{"rendered":"Nucl\u00e9aire: les Europ\u00e9ens rejettent \u00abl\u2019ultimatum\u00bb de l\u2019Iran"},"content":{"rendered":"<h5>Les pays europ\u00e9ens impliqu\u00e9s dans le dossier du nucl\u00e9aire iranien, Allemagne, France et Royaume-Uni, ainsi que l\u2019Union europ\u00e9enne ont rejet\u00e9 jeudi \u00abl\u2019ultimatum\u00bb de l\u2019Iran, qui leur a donn\u00e9 60 jours avant de remettre en cause de nouveaux aspects de l\u2019accord.<\/h5>\n<p>\u00abNous rejetons tout ultimatum et nous \u00e9valuerons le respect par l\u2019Iran de ses engagements en mati\u00e8re nucl\u00e9aire\u00bb, pr\u00e9viennent ces pays ainsi que la Haute repr\u00e9sentante de l\u2019UE pour la politique \u00e9trang\u00e8re, Federica Mogherini, dans un communiqu\u00e9 commun. L\u2019Iran leur a donn\u00e9 deux mois pour sortir r\u00e9ellement les secteurs p\u00e9trolier et bancaire iraniens de leur isolement provoqu\u00e9 par les sanctions am\u00e9ricaines.<\/p>\n<p>Les Europ\u00e9ens ont \u00e9galement exprim\u00e9 leur \u00abvive pr\u00e9occupation\u00bb apr\u00e8s la d\u00e9cision de T\u00e9h\u00e9ran de s\u2019affranchir de deux engagements pris dans le cadre de l\u2019accord international sur son programme nucl\u00e9aire dont Donald Trump a claqu\u00e9 la porte il y un an jour pour jour. \u00abNous demeurons pleinement attach\u00e9s \u00e0 la pr\u00e9servation et \u00e0 la mise en oeuvre int\u00e9grale de l\u2019accord sur le nucl\u00e9aire, une r\u00e9alisation essentielle dans l\u2019architecture mondiale de non-prolif\u00e9ration nucl\u00e9aire, qui est dans l\u2019int\u00e9r\u00eat de la s\u00e9curit\u00e9 de tous\u00bb, expliquent-ils, appelant l\u2019Iran \u00e0 \u00abs\u2019abstenir de toute escalade\u00bb.<\/p>\n<p>\u00abNous attendons de l\u2019Iran qu\u2019il continue d\u2019adh\u00e9rer aux formats et m\u00e9canismes mis en place par l\u2019accord sur le nucl\u00e9aire\u00bb, ajoutent les trois pays et l\u2019UE. Ils rappellent leurs \u00abengagements fermes dans le cadre de l\u2019accord, notamment ce qui concerne la lev\u00e9e des sanctions au profit du peuple iranien\u00bb. A cet \u00e9gard, ils \u00abregrettent que les \u00c9tats-Unis aient \u00e0 nouveau impos\u00e9 des sanctions apr\u00e8s leur retrait de l\u2019accord\u00bb en 2018.<\/p>\n<p>Washington a encore durci mercredi ses sanctions \u00e9conomiques contre l\u2019Iran, en ajoutant l\u2019acier, le fer l\u2019aluminium et le cuivre aux secteurs vis\u00e9s par des mesures punitives. Les trois pays et l\u2019UE se disent malgr\u00e9 tout \u00abd\u00e9termin\u00e9s \u00e0 poursuivre (leurs) efforts pour permettre la poursuite du commerce l\u00e9gitime avec l\u2019Iran\u00bb, en particulier via le syst\u00e8me de troc, dit de l\u2019Instex, mis sur pied par Paris, Berlin et Londres fin janvier.<\/p>\n<p>le figaro<\/p>\n<p class=\"dpsp-share-text\">Partager c&rsquo;est aimer!<\/p>\n<div class=\"wp-post-author-wrap wp-post-author-shortcode left\">\n<h3 class=\"awpa-title\"\/>\n<div class=\"wp-post-author\">\n<div class=\"awpa-img awpa-author-block square\"><a href=\"http:\/\/lexpertjournal.net\/fr\/author\/expert\/\"><img loading=\"lazy\" decoding=\"async\" alt=\"\" src=\"http:\/\/2.gravatar.com\/avatar\/56d99be2a6f97af88ccb49fada637fcd?s=150&#038;d=mm&#038;r=g\" srcset=\"http:\/\/2.gravatar.com\/avatar\/56d99be2a6f97af88ccb49fada637fcd?s=300&#038;d=mm&#038;r=g 2x\" class=\"avatar avatar-150 photo\" height=\"150\" width=\"150\"\/><\/a><\/div>\n<\/div>\n<\/div>\n<p>Auteur: L&rsquo;expert<br \/>\n<a href=\"http:\/\/lexpertjournal.net\/fr\/2019\/05\/09\/nucleaire-les-europeens-rejettent-lultimatum-de-liran\/\">Cliquez ici pour lire l&rsquo;article depuis sa source.<\/a><\/p>\n","protected":false},"excerpt":{"rendered":"<p>Les pays europ\u00e9ens impliqu\u00e9s dans le dossier du nucl\u00e9aire iranien, Allemagne, France et Royaume-Uni, ainsi que l\u2019Union europ\u00e9enne ont rejet\u00e9 jeudi \u00abl\u2019ultimatum\u00bb de l\u2019Iran, qui leur a donn\u00e9 60 jours avant de remettre en cause de nouveaux aspects de l\u2019accord. \u00abNous rejetons tout ultimatum et nous \u00e9valuerons le respect par l\u2019Iran de ses engagements en [&hellip;]<\/p>\n","protected":false},"author":1775,"featured_media":0,"comment_status":"closed","ping_status":"closed","sticky":false,"template":"","format":"standard","meta":{"fifu_image_url":"","fifu_image_alt":"","footnotes":""},"categories":[78,55],"tags":[],"class_list":["post-33217","post","type-post","status-publish","format-standard","hentry","category-economie","category-tunisie"],"_links":{"self":[{"href":"https:\/\/linitiative.ca\/International\/wp-json\/wp\/v2\/posts\/33217","targetHints":{"allow":["GET"]}}],"collection":[{"href":"https:\/\/linitiative.ca\/International\/wp-json\/wp\/v2\/posts"}],"about":[{"href":"https:\/\/linitiative.ca\/International\/wp-json\/wp\/v2\/types\/post"}],"author":[{"embeddable":true,"href":"https:\/\/linitiative.ca\/International\/wp-json\/wp\/v2\/users\/1775"}],"replies":[{"embeddable":true,"href":"https:\/\/linitiative.ca\/International\/wp-json\/wp\/v2\/comments?post=33217"}],"version-history":[{"count":0,"href":"https:\/\/linitiative.ca\/International\/wp-json\/wp\/v2\/posts\/33217\/revisions"}],"wp:attachment":[{"href":"https:\/\/linitiative.ca\/International\/wp-json\/wp\/v2\/media?parent=33217"}],"wp:term":[{"taxonomy":"category","embeddable":true,"href":"https:\/\/linitiative.ca\/International\/wp-json\/wp\/v2\/categories?post=33217"},{"taxonomy":"post_tag","embeddable":true,"href":"https:\/\/linitiative.ca\/International\/wp-json\/wp\/v2\/tags?post=33217"}],"curies":[{"name":"wp","href":"https:\/\/api.w.org\/{rel}","templated":true}]}}