{"id":33225,"date":"2019-05-09T09:09:13","date_gmt":"2019-05-09T13:09:13","guid":{"rendered":"https:\/\/linitiative.ca\/International\/ligue-1-2-mca-derrardja-et-nekkache-seront-bel-et-bien-la-la-saison-prochaine\/"},"modified":"2019-05-09T09:09:13","modified_gmt":"2019-05-09T13:09:13","slug":"ligue-1-2-mca-derrardja-et-nekkache-seront-bel-et-bien-la-la-saison-prochaine","status":"publish","type":"post","link":"https:\/\/linitiative.ca\/International\/ligue-1-2-mca-derrardja-et-nekkache-seront-bel-et-bien-la-la-saison-prochaine\/","title":{"rendered":"Ligue 1 &#038; 2 : MCA : Derrardja et Nekkache seront bel et bien l\u00e0 la saison prochaine"},"content":{"rendered":"<div readability=\"32\">\n<p>Auteur : <span>H. R.<\/span> <span class=\"time\">jeudi 09 mai 2019 10:29<\/span><\/p>\n<\/div>\n<div id=\"post_core\" readability=\"64\">\n<p>Depuis l\u2019annonce officielle de la signature du contrat de Bernard Casoni, beaucoup de choses ont \u00e9t\u00e9 dites \u00e0 propos du Mouloudia de l\u2019ann\u00e9e prochaine, version Casoni. On a m\u00eame \u00e9voqu\u00e9 des noms de joueurs dans la liste des lib\u00e9r\u00e9s, \u00e0 l\u2019instar de Walid Derrardja et Hicham Nekkache. Finalement, cette information s\u2019est av\u00e9r\u00e9e compl\u00e8tement fausse. Les deux joueurs seront bel et bien parmi le groupe la saison prochaine. Une source officielle au niveau de la direction du club nous a confirm\u00e9 cette information. \u00a0<\/p>\n<p><strong>Casoni a exig\u00e9 leur maintien<\/strong><br \/>Selon les m\u00eames informations, l\u2019entra\u00eeneur Bernard Casoni compte maintenir les deux joueurs. Il a m\u00eame coch\u00e9 leurs noms sur la liste des joueurs \u00e0 garder, puisqu\u2019il conna\u00eet parfaitement leur valeur. Sous l\u2019\u00e8re Casoni, Walid Derrardja \u00e9tait le meilleur buteur de l\u2019\u00e9quipe avec presque une quinzaine de buts (TTC). Idem pour Hicham Nekkache qui a r\u00e9ussi ses meilleures performances au club, en ayant Casoni comme entra\u00eeneur, m\u00eame s\u2019il ne jouait pas dans son v\u00e9ritable poste.<\/p>\n<p><strong>Les joueurs ont souffert de blessures cette saison<\/strong><br \/>Bernard Casoni qui a suivi le parcours du Mouloudia, apr\u00e8s son d\u00e9part du club, sait pertinemment que les deux joueurs en question et m\u00eame d\u2019autres ont \u00e9t\u00e9 victimes de la situation du club. Tout d\u2019abord, ils ne se sont pas bien pr\u00e9par\u00e9s \u00e0 l\u2019intersaison car les conditions n\u2019\u00e9taient pas r\u00e9unies pour effectuer une bonne pr\u00e9paration, sans parler aussi des d\u00e9cisions prises \u00e0 l\u2019aveuglette, en alignant des joueurs bless\u00e9s, comme Walid Derrardja face au NAHD ou Hicham Nekkache, ce qui a compliqu\u00e9 leur situation. Du coup, Casoni veut relancer les deux joueurs.<br \/>\u00a0<\/p>\n<p><strong>Publi\u00e9 dans :<\/strong> <span>Bernard Casoni<\/span> <span>Walid Derrardja et Hicham Nekkache<\/span><\/p>\n<\/div>\n<p>Auteur:<br \/>\n<a href=\"http:\/\/www.lebuteur.com\/article\/detail?titre=mca-derrardja-et-nekkache-seront-bel-et-bien-la-la-saison-prochaine&#038;id=88648&#038;utm_source=feedburner&#038;utm_medium=feed&#038;utm_campaign=Feed%3A+GalerieFArtciles+%28Les+derniers+articles++-+lebuteur.com%29\">Cliquez ici pour lire l&rsquo;article depuis sa source.<\/a><\/p>\n","protected":false},"excerpt":{"rendered":"<p>Auteur : H. R. jeudi 09 mai 2019 10:29 Depuis l\u2019annonce officielle de la signature du contrat de Bernard Casoni, beaucoup de choses ont \u00e9t\u00e9 dites \u00e0 propos du Mouloudia de l\u2019ann\u00e9e prochaine, version Casoni. On a m\u00eame \u00e9voqu\u00e9 des noms de joueurs dans la liste des lib\u00e9r\u00e9s, \u00e0 l\u2019instar de Walid Derrardja et Hicham [&hellip;]<\/p>\n","protected":false},"author":1738,"featured_media":33226,"comment_status":"closed","ping_status":"closed","sticky":false,"template":"","format":"standard","meta":{"fifu_image_url":"","fifu_image_alt":"","footnotes":""},"categories":[53,75],"tags":[],"class_list":["post-33225","post","type-post","status-publish","format-standard","has-post-thumbnail","hentry","category-algerie","category-sport"],"_links":{"self":[{"href":"https:\/\/linitiative.ca\/International\/wp-json\/wp\/v2\/posts\/33225","targetHints":{"allow":["GET"]}}],"collection":[{"href":"https:\/\/linitiative.ca\/International\/wp-json\/wp\/v2\/posts"}],"about":[{"href":"https:\/\/linitiative.ca\/International\/wp-json\/wp\/v2\/types\/post"}],"author":[{"embeddable":true,"href":"https:\/\/linitiative.ca\/International\/wp-json\/wp\/v2\/users\/1738"}],"replies":[{"embeddable":true,"href":"https:\/\/linitiative.ca\/International\/wp-json\/wp\/v2\/comments?post=33225"}],"version-history":[{"count":0,"href":"https:\/\/linitiative.ca\/International\/wp-json\/wp\/v2\/posts\/33225\/revisions"}],"wp:featuredmedia":[{"embeddable":true,"href":"https:\/\/linitiative.ca\/International\/wp-json\/"}],"wp:attachment":[{"href":"https:\/\/linitiative.ca\/International\/wp-json\/wp\/v2\/media?parent=33225"}],"wp:term":[{"taxonomy":"category","embeddable":true,"href":"https:\/\/linitiative.ca\/International\/wp-json\/wp\/v2\/categories?post=33225"},{"taxonomy":"post_tag","embeddable":true,"href":"https:\/\/linitiative.ca\/International\/wp-json\/wp\/v2\/tags?post=33225"}],"curies":[{"name":"wp","href":"https:\/\/api.w.org\/{rel}","templated":true}]}}