{"id":33227,"date":"2019-05-09T05:16:10","date_gmt":"2019-05-09T09:16:10","guid":{"rendered":"https:\/\/linitiative.ca\/International\/ouargla-relative-stabilite-des-prix-des-fruits-et-legumes-aux-premiers-jours-du-ramadhan\/"},"modified":"2019-05-09T05:16:10","modified_gmt":"2019-05-09T09:16:10","slug":"ouargla-relative-stabilite-des-prix-des-fruits-et-legumes-aux-premiers-jours-du-ramadhan","status":"publish","type":"post","link":"https:\/\/linitiative.ca\/International\/ouargla-relative-stabilite-des-prix-des-fruits-et-legumes-aux-premiers-jours-du-ramadhan\/","title":{"rendered":"Ouargla: relative stabilit\u00e9 des prix des fruits et l\u00e9gumes aux premiers jours du Ramadhan"},"content":{"rendered":"<div>\n<div class=\"K2FeedIntroText\">\n<p><strong>OUARGLA &#8211; Les prix des fruits et l\u00e9gumes \u00e9tal\u00e9s au niveau des march\u00e9s et locaux commerciaux ont connu une relative stabilit\u00e9 durant les premiers jours du Ramadhan, a-t-on constat\u00e9.<\/strong><\/p>\n<\/div>\n<div class=\"K2FeedFullText\">\n<p>La mercuriale est rest\u00e9e ainsi relativement stable, m\u00eame si une l\u00e9g\u00e8re hausse de prix est constat\u00e9e sur certains produits, dont la tomate propos\u00e9e \u00e0 110 DA le kg et la courgette entre 90 DA et 100 DA\/kg.<\/p>\n<p>Les brigades de contr\u00f4le ont, lors d\u2019inspections ayant cibl\u00e9 les deux derniers jours 300 commerces au niveau de la wilaya d\u2019Ouargla, relev\u00e9 que \u00ab\u00a090% des commer\u00e7ants inspect\u00e9s se sont conform\u00e9s aux instructions du Minist\u00e8re du commerce portant plafonnement des prix des denr\u00e9es alimentaires de large consommation, dans le but de pr\u00e9server le pouvoir d\u2019achat du citoyen\u00a0\u00bb, ont signal\u00e9 les responsables du secteur du commerce.<\/p>\n<p>Men\u00e9e par des brigades permanentes, l\u2019op\u00e9ration de contr\u00f4le ayant cibl\u00e9 les locaux commerciaux au niveau des 29 march\u00e9s de vente de fruits et l\u00e9gumes, dont 124 espaces commerciaux temporaires, ouverts \u00e0 l\u2019occasion du mois de Ramadhan, ont fait \u00e9tat d\u2019une disponibilit\u00e9 de denr\u00e9es alimentaires \u00e0 des prix abordables, a affirm\u00e9 le directeur du secteur, Layachi Amrouni.<\/p>\n<p>Certains produits, par contre, tr\u00e8s pris\u00e9s durant ce mois, ont \u00e9t\u00e9 fix\u00e9s \u00e0 des prix jug\u00e9es \u00e9lev\u00e9s par rapport aux petites et moyennes bourses, dont le raisin sec qui est expos\u00e9 \u00e0 1.400 DA le kg, les abricots secs c\u00e9d\u00e9s \u00e0 1.200 DA le kg, alors que les prunes s\u00e8ches sont vendues \u00e0 un plafond de 900 DA le Kg, a-t-il ajout\u00e9.<\/p>\n<p>Selon les m\u00eames services, 10% des commer\u00e7ants visit\u00e9s ne se sont pas conform\u00e9s aux instructions du minist\u00e8re du commerce, et ont \u00e9t\u00e9 rappel\u00e9s \u00e0 l\u2019ordre par des avis les enjoignant de veiller \u00e0 la pr\u00e9servation du pouvoir d\u2019achat du citoyen durant ce mois sacr\u00e9.<\/p>\n<p>L\u2019op\u00e9ration de contr\u00f4le des contrevenants sera sanctionn\u00e9e par des proc\u00e8s-verbaux (PV) avec obligation d\u2019affichage des prix.<\/p>\n<p>Selon le m\u00eame responsable de la direction du commerce, les op\u00e9rations de contr\u00f4le et d\u2019inspection se poursuivront tout au long du mois de Ramadhan pour s\u2019assurer du respect de l\u2019instruction portant plafonnement des prix des produits de large consommation et l\u2019encouragement des citoyens \u00e0 d\u00e9noncer tout d\u00e9passement dans le but de lutter contre la sp\u00e9culation.<\/p>\n<p>Se voulant rassurant sur la large satisfaction de la demande en produits alimentaires, \u00e0 la faveur d\u2019une disponibilit\u00e9 suffisante, aussi bien des locaux commerciaux que des points d\u2019approvisionnement, M. Amrouni a fait \u00e9tat de la mobilisation par la direction du Commerce de 144 agents structur\u00e9s en 72 brigades de contr\u00f4le des activit\u00e9s commerciales, dont 66 unit\u00e9s de contr\u00f4le de la qualit\u00e9 et de la r\u00e9pression de fraudes et 78 autres charg\u00e9es de contr\u00f4le de la concurrence et des enqu\u00eates \u00e9conomiques, pour couvrir les march\u00e9s de proximit\u00e9 et les espaces commerciaux ouverts \u00e0 travers la wilaya.<\/p>\n<p>Ces brigades, dot\u00e9es des moyens n\u00e9cessaires pour leurs missions, sont appel\u00e9es \u00e0 prot\u00e9ger le pouvoir d\u2019achat du citoyen, contr\u00f4ler l\u2019affichage des prix, et \u00e0 contr\u00f4ler les produits p\u00e9rissables notamment.<\/p>\n<p>Quatre brigades ont \u00e9galement \u00e9t\u00e9 mobilis\u00e9es au niveau des barrages routiers pour contr\u00f4ler les camions de transports des produits alimentaires, dont les conditions de transport, le registre du commerce et la facturation, selon le m\u00eame responsable de la direction du commerce.<\/p>\n<\/div>\n<\/div>\n<p>Auteur:<br \/>\n<a href=\"http:\/\/www.aps.dz\/regions\/89229-ouargla-relative-stabilite-des-prix-des-fruits-et-legumes-aux-premiers-jours-du-ramadhan\">Cliquez ici pour lire l&rsquo;article depuis sa source.<\/a><\/p>\n","protected":false},"excerpt":{"rendered":"<p>OUARGLA &#8211; Les prix des fruits et l\u00e9gumes \u00e9tal\u00e9s au niveau des march\u00e9s et locaux commerciaux ont connu une relative stabilit\u00e9 durant les premiers jours du Ramadhan, a-t-on constat\u00e9. La mercuriale est rest\u00e9e ainsi relativement stable, m\u00eame si une l\u00e9g\u00e8re hausse de prix est constat\u00e9e sur certains produits, dont la tomate propos\u00e9e \u00e0 110 DA [&hellip;]<\/p>\n","protected":false},"author":1790,"featured_media":0,"comment_status":"closed","ping_status":"closed","sticky":false,"template":"","format":"standard","meta":{"fifu_image_url":"","fifu_image_alt":"","footnotes":""},"categories":[53,76],"tags":[],"class_list":["post-33227","post","type-post","status-publish","format-standard","hentry","category-algerie","category-regions"],"_links":{"self":[{"href":"https:\/\/linitiative.ca\/International\/wp-json\/wp\/v2\/posts\/33227","targetHints":{"allow":["GET"]}}],"collection":[{"href":"https:\/\/linitiative.ca\/International\/wp-json\/wp\/v2\/posts"}],"about":[{"href":"https:\/\/linitiative.ca\/International\/wp-json\/wp\/v2\/types\/post"}],"author":[{"embeddable":true,"href":"https:\/\/linitiative.ca\/International\/wp-json\/wp\/v2\/users\/1790"}],"replies":[{"embeddable":true,"href":"https:\/\/linitiative.ca\/International\/wp-json\/wp\/v2\/comments?post=33227"}],"version-history":[{"count":0,"href":"https:\/\/linitiative.ca\/International\/wp-json\/wp\/v2\/posts\/33227\/revisions"}],"wp:attachment":[{"href":"https:\/\/linitiative.ca\/International\/wp-json\/wp\/v2\/media?parent=33227"}],"wp:term":[{"taxonomy":"category","embeddable":true,"href":"https:\/\/linitiative.ca\/International\/wp-json\/wp\/v2\/categories?post=33227"},{"taxonomy":"post_tag","embeddable":true,"href":"https:\/\/linitiative.ca\/International\/wp-json\/wp\/v2\/tags?post=33227"}],"curies":[{"name":"wp","href":"https:\/\/api.w.org\/{rel}","templated":true}]}}