{"id":33228,"date":"2019-05-09T09:09:15","date_gmt":"2019-05-09T13:09:15","guid":{"rendered":"https:\/\/linitiative.ca\/International\/ligue-1-2-ghrib-a-acheve-la-preparation-des-deux-stages-dintersaison\/"},"modified":"2019-05-09T09:09:15","modified_gmt":"2019-05-09T13:09:15","slug":"ligue-1-2-ghrib-a-acheve-la-preparation-des-deux-stages-dintersaison","status":"publish","type":"post","link":"https:\/\/linitiative.ca\/International\/ligue-1-2-ghrib-a-acheve-la-preparation-des-deux-stages-dintersaison\/","title":{"rendered":"Ligue 1 &#038; 2 : Ghrib a achev\u00e9 la pr\u00e9paration des deux stages d\u2019intersaison"},"content":{"rendered":"<div readability=\"32\">\n<p>Auteur : <span>Kamel M.<\/span> <span class=\"time\">jeudi 09 mai 2019 10:29<\/span><\/p>\n<\/div>\n<div id=\"post_core\" readability=\"76\">\n<p>Apr\u00e8s une saison rat\u00e9e pour le vieux club alg\u00e9rois\u00a0\u00a0 pour les raisons que tout le monde connait, Ghrib, qui a h\u00e9rit\u00e9 d\u2019une situation,\u00a0 le moins que l\u2019on puisse en dire, critique, s\u2019est\u00a0 mis \u00e0 la pr\u00e9paration du prochain exercice. En finalisant avec l\u2019\u00e9quipementier Puma, le directeur g\u00e9n\u00e9ral sportif du Mouloudia s\u2019est pench\u00e9 sur les deux stages de pr\u00e9paration d\u2019intersaison, afin de tout mettre en place, apr\u00e8s que le choix s\u2019est port\u00e9 sur la Tunisie et la Pologne. Ghrib a discut\u00e9\u00a0\u00a0 avec ses interlocuteurs et un accord\u00a0 a \u00e9t\u00e9 trouv\u00e9\u00a0\u00a0 pour le lieu du stage, les conditions d\u2019h\u00e9bergement et les matchs amicaux \u00e0 disputer.<\/p>\n<p><strong>Le stage de la Tunisie aura lieu \u00e0 Ain Draham<\/strong><br \/>Pour ce qui est du premier stage que le Mouloudia effectuera, il aura lieu \u00e0 la ville frontali\u00e8re d\u2019Ain Draham, un endroit connu du vieux club alg\u00e9rois, puisque l\u2019\u00e9quipe s\u2019est d\u00e9j\u00e0 pr\u00e9par\u00e9e dans ce centre sous l\u2019\u00e8re\u00a0 Djamel Menad. Sachant que le MCA entamera sa pr\u00e9paration \u00e0 Alger, le stage d\u2019Ain Draham s\u2019\u00e9talera sur\u00a0 dix jours et \u00e0 travers lequel le staff technique mettra l\u2019accent sur le travail physique, car le choix des hauteurs de la Tunisie n\u2019est pas fortuit. Toutefois et durant son s\u00e9jour \u00e0 Ain Draham le Mouloudia aura \u00e0 disputer deux matchs amicaux\u00a0 qui seront assimil\u00e9 \u00e0 des tests d\u2019\u00e9valuation. Quant \u00e0 la date du d\u00e9but du stage elle sera fix\u00e9e dans les plus brefs d\u00e9lais. \u00a0<\/p>\n<p><strong>Le Mouloudia\u00a0 retrouve Wisla et quatre matchs amicaux pr\u00e9vus<\/strong><br \/>Une fois que le stage de pr\u00e9paration d\u2019Ain Draham sera achev\u00e9, l\u2019\u00e9quipe rentrera au pays pour s\u2019entrainer durant une semaine, avant de s\u2019envoler \u00e0 destination de la Pologne, o\u00f9 la direction du club, et en\u00a0 accord avec l\u2019organisateur du stage, a jet\u00e9 son d\u00e9volu sur Wisla. Un site sur lequel l\u2019\u00e9quipe s\u2019est d\u00e9j\u00e0 pr\u00e9par\u00e9e \u00e0 plusieurs reprises, et qui lui a souvent port\u00e9 bonheur. Pour son s\u00e9jour au pays de Lech Walesa, la d\u00e9l\u00e9gation alg\u00e9roise, et comme \u00e0 son habitude, \u00e9lira domicile \u00e0 la villa Almira et les entrainements auront lieu au stade communal. Afin que l\u2019\u00e9quipe ne manque de rien, un responsable du Mouloudia se d\u00e9placera sur les lieux bien avant l\u2019\u00e9quipe afin de s\u2019assurer que l\u2019\u00e9quipe ne manquera de rien une fois sur place, mais aussi pour \u00e9viter toute mauvaise surprise. Les co\u00e9quipiers de Bendebka qui se retrouveront en pleine p\u00e9riode comp\u00e9titive, disputeront quatre rencontres durant ce stage en Pologne et le nombre pourrait \u00eatre revu \u00e0 la hausse. Ces confrontations seront disput\u00e9es \u00e0 Wisla et les villes limitrophes, ce qui \u00e9vitera au Doyen d\u2019effectuer de longs d\u00e9placements\u00a0 comme cela a \u00e9t\u00e9 le cas lors du dernier stage effectu\u00e9 en France.\u00a0 Quant \u00e0 la qualit\u00e9 des adversaires, la direction du club a \u00e9t\u00e9 assur\u00e9 qu\u2019il s\u2019agira de formations qui \u00e9voluent \u00e0 l\u2019Ekstraklasa, soit l\u2019\u00e9lite du championnat Polonais.<br \/>\u00a0<\/p>\n<p><strong>Publi\u00e9 dans :<\/strong> <span>Ghrib<\/span> <span>Bendebka<\/span> <span>Djamel Menad<\/span><\/p>\n<\/div>\n<p>Auteur:<br \/>\n<a href=\"http:\/\/www.lebuteur.com\/article\/detail?titre=ghrib-a-acheve-la-preparation-des-deux-stages-dintersaison&#038;id=88647&#038;utm_source=feedburner&#038;utm_medium=feed&#038;utm_campaign=Feed%3A+GalerieFArtciles+%28Les+derniers+articles++-+lebuteur.com%29\">Cliquez ici pour lire l&rsquo;article depuis sa source.<\/a><\/p>\n","protected":false},"excerpt":{"rendered":"<p>Auteur : Kamel M. jeudi 09 mai 2019 10:29 Apr\u00e8s une saison rat\u00e9e pour le vieux club alg\u00e9rois\u00a0\u00a0 pour les raisons que tout le monde connait, Ghrib, qui a h\u00e9rit\u00e9 d\u2019une situation,\u00a0 le moins que l\u2019on puisse en dire, critique, s\u2019est\u00a0 mis \u00e0 la pr\u00e9paration du prochain exercice. En finalisant avec l\u2019\u00e9quipementier Puma, le directeur [&hellip;]<\/p>\n","protected":false},"author":1738,"featured_media":33229,"comment_status":"closed","ping_status":"closed","sticky":false,"template":"","format":"standard","meta":{"fifu_image_url":"","fifu_image_alt":"","footnotes":""},"categories":[53,75],"tags":[],"class_list":["post-33228","post","type-post","status-publish","format-standard","has-post-thumbnail","hentry","category-algerie","category-sport"],"_links":{"self":[{"href":"https:\/\/linitiative.ca\/International\/wp-json\/wp\/v2\/posts\/33228","targetHints":{"allow":["GET"]}}],"collection":[{"href":"https:\/\/linitiative.ca\/International\/wp-json\/wp\/v2\/posts"}],"about":[{"href":"https:\/\/linitiative.ca\/International\/wp-json\/wp\/v2\/types\/post"}],"author":[{"embeddable":true,"href":"https:\/\/linitiative.ca\/International\/wp-json\/wp\/v2\/users\/1738"}],"replies":[{"embeddable":true,"href":"https:\/\/linitiative.ca\/International\/wp-json\/wp\/v2\/comments?post=33228"}],"version-history":[{"count":0,"href":"https:\/\/linitiative.ca\/International\/wp-json\/wp\/v2\/posts\/33228\/revisions"}],"wp:featuredmedia":[{"embeddable":true,"href":"https:\/\/linitiative.ca\/International\/wp-json\/"}],"wp:attachment":[{"href":"https:\/\/linitiative.ca\/International\/wp-json\/wp\/v2\/media?parent=33228"}],"wp:term":[{"taxonomy":"category","embeddable":true,"href":"https:\/\/linitiative.ca\/International\/wp-json\/wp\/v2\/categories?post=33228"},{"taxonomy":"post_tag","embeddable":true,"href":"https:\/\/linitiative.ca\/International\/wp-json\/wp\/v2\/tags?post=33228"}],"curies":[{"name":"wp","href":"https:\/\/api.w.org\/{rel}","templated":true}]}}